{"id":15705,"date":"2025-06-17T15:05:18","date_gmt":"2025-06-17T21:05:18","guid":{"rendered":"https:\/\/alcierrenoticias.com\/?p=15705"},"modified":"2025-06-17T23:31:40","modified_gmt":"2025-06-18T05:31:40","slug":"gestionamos-proyectos-para-evitar-accidentes-en-la-via-federal-diputado-roberto-carreon","status":"publish","type":"post","link":"https:\/\/alcierrenoticias.com\/index.php\/2025\/06\/17\/gestionamos-proyectos-para-evitar-accidentes-en-la-via-federal-diputado-roberto-carreon\/","title":{"rendered":"Gestionamos proyectos para evitar accidentes en la v\u00eda federal:  Diputado Roberto Carre\u00f3n."},"content":{"rendered":"<p>Muy productiva result\u00f3 la visita del diputado Roberto Carre\u00f3n a la Secretar\u00eda de Comunicaciones y Transportes en la ciudad de Chihuahua, donde sostuvo una reuni\u00f3n con la titular de la dependencia, Lic. Cristina Imelda Guerra.<\/p>\n<p>Durante el encuentro, se abordaron diversos temas prioritarios para la regi\u00f3n, destacando la generaci\u00f3n de proyectos de prevenci\u00f3n de accidentes en la v\u00eda de comunicaci\u00f3n federal, espec\u00edficamente en el tramo correspondiente a nuestra querida ciudad de Delicias.<\/p>\n<p>Carre\u00f3n destac\u00f3 la importancia de la colaboraci\u00f3n entre los distintos \u00f3rdenes de gobierno para lograr acciones concretas que garanticen la seguridad de los automovilistas. En ese sentido, anunci\u00f3 que en los pr\u00f3ximos d\u00edas se comenzar\u00e1n a implementar medidas puntuales en la zona.<\/p>\n<p>\u201cEstamos trabajando para que las familias deliciense se sientan m\u00e1s seguras al transitar por nuestras carreteras\u201d, se\u00f1al\u00f3 el legislador.<\/p>\n","protected":false},"excerpt":{"rendered":"<p>Muy productiva result\u00f3 la visita del diputado Roberto Carre\u00f3n a la Secretar\u00eda de Comunicaciones y Transportes en la ciudad de Chihuahua, donde sostuvo una reuni\u00f3n con la titular de la dependencia, Lic. Cristina Imelda Guerra. Durante el encuentro, se abordaron diversos temas prioritarios para la regi\u00f3n, destacando la generaci\u00f3n de proyectos de prevenci\u00f3n de accidentes en la v\u00eda de comunicaci\u00f3n federal, espec\u00edficamente en el tramo correspondiente a nuestra querida ciudad de Delicias. Carre\u00f3n destac\u00f3 la importancia de la colaboraci\u00f3n entre los distintos \u00f3rdenes de gobierno para lograr acciones concretas que garanticen la seguridad de los automovilistas. En ese sentido, anunci\u00f3 que en los pr\u00f3ximos d\u00edas se comenzar\u00e1n a implementar medidas puntuales en la zona. \u201cEstamos trabajando para que las familias deliciense se sientan m\u00e1s seguras al transitar por nuestras carreteras\u201d, se\u00f1al\u00f3 el legislador.<\/p>\n","protected":false},"author":2,"featured_media":15706,"comment_status":"open","ping_status":"open","sticky":false,"template":"","format":"standard","meta":{"_monsterinsights_skip_tracking":false,"_monsterinsights_sitenote_active":false,"_monsterinsights_sitenote_note":"","_monsterinsights_sitenote_category":0,"advanced_seo_description":"","jetpack_seo_html_title":"","jetpack_seo_noindex":false,"_jetpack_memberships_contains_paid_content":false,"footnotes":"","jetpack_publicize_message":"","jetpack_publicize_feature_enabled":true,"jetpack_social_post_already_shared":true,"jetpack_social_options":{"image_generator_settings":{"template":"highway","enabled":false},"version":2}},"categories":[135,7,11],"tags":[],"class_list":["post-15705","post","type-post","status-publish","format-standard","has-post-thumbnail","hentry","category-lo-mas-leido","category-local","category-principal"],"jetpack_publicize_connections":[],"jetpack_sharing_enabled":true,"jetpack_featured_media_url":"https:\/\/i0.wp.com\/alcierrenoticias.com\/wp-content\/uploads\/2025\/06\/WhatsApp-Image-2025-06-17-at-3.00.49-PM-scaled.jpeg?fit=2560%2C1707&ssl=1","amp_enabled":true,"_links":{"self":[{"href":"https:\/\/alcierrenoticias.com\/index.php\/wp-json\/wp\/v2\/posts\/15705","targetHints":{"allow":["GET"]}}],"collection":[{"href":"https:\/\/alcierrenoticias.com\/index.php\/wp-json\/wp\/v2\/posts"}],"about":[{"href":"https:\/\/alcierrenoticias.com\/index.php\/wp-json\/wp\/v2\/types\/post"}],"author":[{"embeddable":true,"href":"https:\/\/alcierrenoticias.com\/index.php\/wp-json\/wp\/v2\/users\/2"}],"replies":[{"embeddable":true,"href":"https:\/\/alcierrenoticias.com\/index.php\/wp-json\/wp\/v2\/comments?post=15705"}],"version-history":[{"count":2,"href":"https:\/\/alcierrenoticias.com\/index.php\/wp-json\/wp\/v2\/posts\/15705\/revisions"}],"predecessor-version":[{"id":15708,"href":"https:\/\/alcierrenoticias.com\/index.php\/wp-json\/wp\/v2\/posts\/15705\/revisions\/15708"}],"wp:featuredmedia":[{"embeddable":true,"href":"https:\/\/alcierrenoticias.com\/index.php\/wp-json\/wp\/v2\/media\/15706"}],"wp:attachment":[{"href":"https:\/\/alcierrenoticias.com\/index.php\/wp-json\/wp\/v2\/media?parent=15705"}],"wp:term":[{"taxonomy":"category","embeddable":true,"href":"https:\/\/alcierrenoticias.com\/index.php\/wp-json\/wp\/v2\/categories?post=15705"},{"taxonomy":"post_tag","embeddable":true,"href":"https:\/\/alcierrenoticias.com\/index.php\/wp-json\/wp\/v2\/tags?post=15705"}],"curies":[{"name":"wp","href":"https:\/\/api.w.org\/{rel}","templated":true}]}}