{"id":15693,"date":"2025-06-17T10:19:17","date_gmt":"2025-06-17T16:19:17","guid":{"rendered":"https:\/\/alcierrenoticias.com\/?p=15693"},"modified":"2025-06-17T23:21:47","modified_gmt":"2025-06-18T05:21:47","slug":"pri-delicias-anuncia-platica-gratuita-sobre-tdah-y-autismo-un-paso-mas-en-su-programa-de-salud-mental-y-neurodesarrollo","status":"publish","type":"post","link":"https:\/\/alcierrenoticias.com\/index.php\/2025\/06\/17\/pri-delicias-anuncia-platica-gratuita-sobre-tdah-y-autismo-un-paso-mas-en-su-programa-de-salud-mental-y-neurodesarrollo\/","title":{"rendered":"PRI Delicias Anuncia Pl\u00e1tica Gratuita sobre TDAH y Autismo: Un Paso M\u00e1s en su Programa de Salud Mental y Neurodesarrollo."},"content":{"rendered":"<p>El Partido Revolucionario Institucional (PRI) en Delicias contin\u00faa firme en su compromiso con la comunidad, anunciando una importante pl\u00e1tica como parte de su programa en pro de la salud mental, con un enfoque particular en el neurodesarrollo.<\/p>\n<p>Este viernes, 20 de junio de 2025, a las 7:00 p.m., las instalaciones del PRI ser\u00e1n la sede de la conferencia &#8220;Estrategias de manejo para familiares con TDAH y autismo&#8221;.<\/p>\n<p>La iniciativa busca proporcionar herramientas pr\u00e1cticas y conocimientos \u00fatiles a las familias delicienses que conviven con el Trastorno por D\u00e9ficit de Atenci\u00f3n e Hiperactividad (TDAH) y el autismo. El objetivo es claro: mejorar la comunicaci\u00f3n en el hogar y fomentar un ambiente familiar m\u00e1s comprensivo y de apoyo.<\/p>\n<p>Luis Carlos Loya, dirigente del PRI Delicias, destac\u00f3 la relevancia de este tipo de eventos. &#8220;En el PRI Delicias, la salud mental es una prioridad. Estamos ofreciendo estas pl\u00e1ticas con el objetivo de brindar herramientas y generar conciencia sobre diversos aspectos del neurodesarrollo, y esta conferencia es fundamental para apoyar a nuestras familias&#8221;, afirm\u00f3 Loya.<\/p>\n<p>La pl\u00e1tica se llevar\u00e1 a cabo en el Auditorio de las instalaciones del PRI Delicias, y la entrada es completamente gratuita y abierta al p\u00fablico. Se extiende una cordial invitaci\u00f3n a todos los interesados, as\u00ed como a los medios de comunicaci\u00f3n para cubrir este evento de inter\u00e9s social.<\/p>\n<p>DETALLES DEL EVENTO:<\/p>\n<p>Evento: Pl\u00e1tica &#8220;Estrategias de manejo para familiares con TDAH y autismo&#8221;<br \/>\nFecha: Viernes 20 de junio de 2025<br \/>\nHora: 7:00 p.m.<br \/>\nLugar: Auditorio de las instalaciones del PRI Delicias<\/p>\n","protected":false},"excerpt":{"rendered":"<p>El Partido Revolucionario Institucional (PRI) en Delicias contin\u00faa firme en su compromiso con la comunidad, anunciando una importante pl\u00e1tica como parte de su programa en pro de la salud mental, con un enfoque particular en el neurodesarrollo. Este viernes, 20 de junio de 2025, a las 7:00 p.m., las instalaciones del PRI ser\u00e1n la sede de la conferencia &#8220;Estrategias de manejo para familiares con TDAH y autismo&#8221;. La iniciativa busca proporcionar herramientas pr\u00e1cticas y conocimientos \u00fatiles a las familias delicienses que conviven con el Trastorno por D\u00e9ficit de Atenci\u00f3n e Hiperactividad (TDAH) y el autismo. El objetivo es claro: mejorar la comunicaci\u00f3n en el hogar y fomentar un ambiente familiar m\u00e1s comprensivo y de apoyo. Luis Carlos Loya, dirigente del PRI Delicias, destac\u00f3 la relevancia de este tipo de eventos. &#8220;En el PRI Delicias, la salud mental es una prioridad. Estamos ofreciendo estas pl\u00e1ticas con el objetivo de brindar herramientas y generar conciencia sobre diversos aspectos del neurodesarrollo, y esta conferencia es fundamental para apoyar a nuestras familias&#8221;, afirm\u00f3 Loya. La pl\u00e1tica se llevar\u00e1 a cabo en el Auditorio de las instalaciones del PRI Delicias, y la entrada es completamente gratuita y abierta al p\u00fablico. Se extiende una cordial invitaci\u00f3n a todos los interesados, as\u00ed como a los medios de comunicaci\u00f3n para cubrir este evento de inter\u00e9s social. DETALLES DEL EVENTO: Evento: Pl\u00e1tica &#8220;Estrategias de manejo para familiares con TDAH y autismo&#8221; Fecha: Viernes 20 de junio de 2025 Hora: 7:00 p.m. Lugar: Auditorio de las instalaciones del PRI Delicias<\/p>\n","protected":false},"author":2,"featured_media":15694,"comment_status":"open","ping_status":"open","sticky":false,"template":"","format":"standard","meta":{"_monsterinsights_skip_tracking":false,"_monsterinsights_sitenote_active":false,"_monsterinsights_sitenote_note":"","_monsterinsights_sitenote_category":0,"advanced_seo_description":"","jetpack_seo_html_title":"","jetpack_seo_noindex":false,"_jetpack_memberships_contains_paid_content":false,"footnotes":"","jetpack_publicize_message":"","jetpack_publicize_feature_enabled":true,"jetpack_social_post_already_shared":true,"jetpack_social_options":{"image_generator_settings":{"template":"highway","enabled":false},"version":2}},"categories":[135,7,11],"tags":[],"class_list":["post-15693","post","type-post","status-publish","format-standard","has-post-thumbnail","hentry","category-lo-mas-leido","category-local","category-principal"],"jetpack_publicize_connections":[],"jetpack_sharing_enabled":true,"jetpack_featured_media_url":"https:\/\/i0.wp.com\/alcierrenoticias.com\/wp-content\/uploads\/2025\/06\/WhatsApp-Image-2025-06-17-at-10.11.41-AM-e1750224086361.jpeg?fit=500%2C500&ssl=1","amp_enabled":true,"_links":{"self":[{"href":"https:\/\/alcierrenoticias.com\/index.php\/wp-json\/wp\/v2\/posts\/15693","targetHints":{"allow":["GET"]}}],"collection":[{"href":"https:\/\/alcierrenoticias.com\/index.php\/wp-json\/wp\/v2\/posts"}],"about":[{"href":"https:\/\/alcierrenoticias.com\/index.php\/wp-json\/wp\/v2\/types\/post"}],"author":[{"embeddable":true,"href":"https:\/\/alcierrenoticias.com\/index.php\/wp-json\/wp\/v2\/users\/2"}],"replies":[{"embeddable":true,"href":"https:\/\/alcierrenoticias.com\/index.php\/wp-json\/wp\/v2\/comments?post=15693"}],"version-history":[{"count":2,"href":"https:\/\/alcierrenoticias.com\/index.php\/wp-json\/wp\/v2\/posts\/15693\/revisions"}],"predecessor-version":[{"id":15696,"href":"https:\/\/alcierrenoticias.com\/index.php\/wp-json\/wp\/v2\/posts\/15693\/revisions\/15696"}],"wp:featuredmedia":[{"embeddable":true,"href":"https:\/\/alcierrenoticias.com\/index.php\/wp-json\/wp\/v2\/media\/15694"}],"wp:attachment":[{"href":"https:\/\/alcierrenoticias.com\/index.php\/wp-json\/wp\/v2\/media?parent=15693"}],"wp:term":[{"taxonomy":"category","embeddable":true,"href":"https:\/\/alcierrenoticias.com\/index.php\/wp-json\/wp\/v2\/categories?post=15693"},{"taxonomy":"post_tag","embeddable":true,"href":"https:\/\/alcierrenoticias.com\/index.php\/wp-json\/wp\/v2\/tags?post=15693"}],"curies":[{"name":"wp","href":"https:\/\/api.w.org\/{rel}","templated":true}]}}