{"id":15681,"date":"2025-06-16T15:17:19","date_gmt":"2025-06-16T21:17:19","guid":{"rendered":"https:\/\/alcierrenoticias.com\/?p=15681"},"modified":"2025-06-17T23:11:38","modified_gmt":"2025-06-18T05:11:38","slug":"arranca-hoy-el-programa-juntos-por-el-deporte-para-promover-la-actividad-fisica-y-convivencia-social-en-camargo","status":"publish","type":"post","link":"https:\/\/alcierrenoticias.com\/index.php\/2025\/06\/16\/arranca-hoy-el-programa-juntos-por-el-deporte-para-promover-la-actividad-fisica-y-convivencia-social-en-camargo\/","title":{"rendered":"Arranca hoy el programa \u201cJuntos por el Deporte\u201d para promover la actividad f\u00edsica y convivencia social en Camargo"},"content":{"rendered":"<p>La presidencia municipal de Camargo anuncia el lanzamiento del programa \u201cJuntos por el Deporte\u201d, una iniciativa que busca fomentar la pr\u00e1ctica deportiva entre ni\u00f1as, ni\u00f1os, j\u00f3venes y adultos de la localidad.<\/p>\n<p>Durante un periodo de cuatro semanas, promotores deportivos capacitados ofrecer\u00e1n clases gratuitas en diversas disciplinas, con el objetivo de promover un estilo de vida saludable, fortalecer la convivencia y brindar espacios de recreaci\u00f3n para toda la comunidad.<\/p>\n<p>Las actividades incluyen tenis, f\u00fatbol, b\u00e1squetbol, tochito, entrenamiento funcional, voleibol, zumba y atletismo. Para consultar los horarios y sedes, los interesados pueden visitar el siguiente enlace: https:\/\/www.facebook.com\/share\/p\/1ZGkKBReUJ\/.<\/p>\n<p>Con este programa, el Gobierno Municipal reafirma su compromiso con el bienestar f\u00edsico y social de los camarguenses, ofreciendo oportunidades accesibles para que todas las personas puedan activarse, aprender y disfrutar del deporte en equipo.<\/p>\n<p>Para m\u00e1s informaci\u00f3n, favor de contactar a la Direcci\u00f3n de Deportes del Municipio de Camargo.<\/p>\n","protected":false},"excerpt":{"rendered":"<p>La presidencia municipal de Camargo anuncia el lanzamiento del programa \u201cJuntos por el Deporte\u201d, una iniciativa que busca fomentar la pr\u00e1ctica deportiva entre ni\u00f1as, ni\u00f1os, j\u00f3venes y adultos de la localidad. Durante un periodo de cuatro semanas, promotores deportivos capacitados ofrecer\u00e1n clases gratuitas en diversas disciplinas, con el objetivo de promover un estilo de vida saludable, fortalecer la convivencia y brindar espacios de recreaci\u00f3n para toda la comunidad. Las actividades incluyen tenis, f\u00fatbol, b\u00e1squetbol, tochito, entrenamiento funcional, voleibol, zumba y atletismo. Para consultar los horarios y sedes, los interesados pueden visitar el siguiente enlace: https:\/\/www.facebook.com\/share\/p\/1ZGkKBReUJ\/. Con este programa, el Gobierno Municipal reafirma su compromiso con el bienestar f\u00edsico y social de los camarguenses, ofreciendo oportunidades accesibles para que todas las personas puedan activarse, aprender y disfrutar del deporte en equipo. Para m\u00e1s informaci\u00f3n, favor de contactar a la Direcci\u00f3n de Deportes del Municipio de Camargo.<\/p>\n","protected":false},"author":2,"featured_media":15683,"comment_status":"open","ping_status":"open","sticky":false,"template":"","format":"standard","meta":{"_monsterinsights_skip_tracking":false,"_monsterinsights_sitenote_active":false,"_monsterinsights_sitenote_note":"","_monsterinsights_sitenote_category":0,"advanced_seo_description":"","jetpack_seo_html_title":"","jetpack_seo_noindex":false,"_jetpack_memberships_contains_paid_content":false,"footnotes":"","jetpack_publicize_message":"","jetpack_publicize_feature_enabled":true,"jetpack_social_post_already_shared":true,"jetpack_social_options":{"image_generator_settings":{"template":"highway","enabled":false},"version":2}},"categories":[8,135,11],"tags":[],"class_list":["post-15681","post","type-post","status-publish","format-standard","has-post-thumbnail","hentry","category-estado","category-lo-mas-leido","category-principal"],"jetpack_publicize_connections":[],"jetpack_sharing_enabled":true,"jetpack_featured_media_url":"https:\/\/i0.wp.com\/alcierrenoticias.com\/wp-content\/uploads\/2025\/06\/WhatsApp-Image-2025-06-16-at-3.10.56-PM.jpeg?fit=1600%2C1066&ssl=1","amp_enabled":true,"_links":{"self":[{"href":"https:\/\/alcierrenoticias.com\/index.php\/wp-json\/wp\/v2\/posts\/15681","targetHints":{"allow":["GET"]}}],"collection":[{"href":"https:\/\/alcierrenoticias.com\/index.php\/wp-json\/wp\/v2\/posts"}],"about":[{"href":"https:\/\/alcierrenoticias.com\/index.php\/wp-json\/wp\/v2\/types\/post"}],"author":[{"embeddable":true,"href":"https:\/\/alcierrenoticias.com\/index.php\/wp-json\/wp\/v2\/users\/2"}],"replies":[{"embeddable":true,"href":"https:\/\/alcierrenoticias.com\/index.php\/wp-json\/wp\/v2\/comments?post=15681"}],"version-history":[{"count":2,"href":"https:\/\/alcierrenoticias.com\/index.php\/wp-json\/wp\/v2\/posts\/15681\/revisions"}],"predecessor-version":[{"id":15684,"href":"https:\/\/alcierrenoticias.com\/index.php\/wp-json\/wp\/v2\/posts\/15681\/revisions\/15684"}],"wp:featuredmedia":[{"embeddable":true,"href":"https:\/\/alcierrenoticias.com\/index.php\/wp-json\/wp\/v2\/media\/15683"}],"wp:attachment":[{"href":"https:\/\/alcierrenoticias.com\/index.php\/wp-json\/wp\/v2\/media?parent=15681"}],"wp:term":[{"taxonomy":"category","embeddable":true,"href":"https:\/\/alcierrenoticias.com\/index.php\/wp-json\/wp\/v2\/categories?post=15681"},{"taxonomy":"post_tag","embeddable":true,"href":"https:\/\/alcierrenoticias.com\/index.php\/wp-json\/wp\/v2\/tags?post=15681"}],"curies":[{"name":"wp","href":"https:\/\/api.w.org\/{rel}","templated":true}]}}