{"id":15669,"date":"2025-06-16T12:50:30","date_gmt":"2025-06-16T18:50:30","guid":{"rendered":"https:\/\/alcierrenoticias.com\/?p=15669"},"modified":"2025-06-17T23:01:29","modified_gmt":"2025-06-18T05:01:29","slug":"recibe-meoqui-donacion-de-9-mil-arboles-gracias-a-fundacion-grupo-mexico","status":"publish","type":"post","link":"https:\/\/alcierrenoticias.com\/index.php\/2025\/06\/16\/recibe-meoqui-donacion-de-9-mil-arboles-gracias-a-fundacion-grupo-mexico\/","title":{"rendered":"Recibe Meoqui donaci\u00f3n de 9 mil \u00e1rboles gracias a Fundaci\u00f3n Grupo M\u00e9xico."},"content":{"rendered":"<p>\u201cTrabajando en equipo vamos a seguir dejando m\u00e1s bonito Meoqui\u201d: Alcaldesa Miriam Soto<\/p>\n<p>La alcaldesa de Meoqui, Arq. Miriam Soto recibi\u00f3 una importante donaci\u00f3n de m\u00e1s de 9 mil \u00e1rboles y arbustos por parte de Grupo M\u00e9xico, mismos que ser\u00e1n destinados a labores de reforestaci\u00f3n y embellecimiento en diversos espacios p\u00fablicos, esto como parte del compromiso con el medio ambiente, fortaleciendo las \u00e1reas verdes del municipio.<\/p>\n<p>\u201cEstamos muy agradecidos con Grupo M\u00e9xico por esta donaci\u00f3n que contribuir\u00e1 a mejorar nuestro entorno. Estos ejemplares ser\u00e1n utilizados en \u00e1reas verdes, pero tambi\u00e9n para atender solicitudes ciudadanas de reforestaci\u00f3n\u201d, expres\u00f3 la alcaldesa Miriam Soto durante el desembarque de las plantas.<\/p>\n<p>Adem\u00e1s, Miriam Soto tambi\u00e9n mencion\u00f3 que parte de las especies recibidas ser\u00e1n utilizadas para atender peticiones espec\u00edficas de la comunidad, mientras que el resto se destinar\u00e1 a parques, camellones y espacios p\u00fablicos. \u201cVamos a seguir dejando m\u00e1s bonito nuestro municipio, trabajando en equipo y cuidando el medio ambiente\u201d, a\u00f1adi\u00f3.<\/p>\n<p>Finalmente, la alcaldesa agradeci\u00f3 a Fundaci\u00f3n Grupo M\u00e9xico por su compromiso con el desarrollo sustentable de Meoqui, resaltando que este tipo de acciones no solo impactan visualmente a la ciudad, sino que tambi\u00e9n contribuyen a mejorar la calidad del aire y el entorno de las familias meoquenses.<\/p>\n","protected":false},"excerpt":{"rendered":"<p>\u201cTrabajando en equipo vamos a seguir dejando m\u00e1s bonito Meoqui\u201d: Alcaldesa Miriam Soto La alcaldesa de Meoqui, Arq. Miriam Soto recibi\u00f3 una importante donaci\u00f3n de m\u00e1s de 9 mil \u00e1rboles y arbustos por parte de Grupo M\u00e9xico, mismos que ser\u00e1n destinados a labores de reforestaci\u00f3n y embellecimiento en diversos espacios p\u00fablicos, esto como parte del compromiso con el medio ambiente, fortaleciendo las \u00e1reas verdes del municipio. \u201cEstamos muy agradecidos con Grupo M\u00e9xico por esta donaci\u00f3n que contribuir\u00e1 a mejorar nuestro entorno. Estos ejemplares ser\u00e1n utilizados en \u00e1reas verdes, pero tambi\u00e9n para atender solicitudes ciudadanas de reforestaci\u00f3n\u201d, expres\u00f3 la alcaldesa Miriam Soto durante el desembarque de las plantas. Adem\u00e1s, Miriam Soto tambi\u00e9n mencion\u00f3 que parte de las especies recibidas ser\u00e1n utilizadas para atender peticiones espec\u00edficas de la comunidad, mientras que el resto se destinar\u00e1 a parques, camellones y espacios p\u00fablicos. \u201cVamos a seguir dejando m\u00e1s bonito nuestro municipio, trabajando en equipo y cuidando el medio ambiente\u201d, a\u00f1adi\u00f3. Finalmente, la alcaldesa agradeci\u00f3 a Fundaci\u00f3n Grupo M\u00e9xico por su compromiso con el desarrollo sustentable de Meoqui, resaltando que este tipo de acciones no solo impactan visualmente a la ciudad, sino que tambi\u00e9n contribuyen a mejorar la calidad del aire y el entorno de las familias meoquenses.<\/p>\n","protected":false},"author":2,"featured_media":15671,"comment_status":"open","ping_status":"open","sticky":false,"template":"","format":"standard","meta":{"_monsterinsights_skip_tracking":false,"_monsterinsights_sitenote_active":false,"_monsterinsights_sitenote_note":"","_monsterinsights_sitenote_category":0,"advanced_seo_description":"","jetpack_seo_html_title":"","jetpack_seo_noindex":false,"_jetpack_memberships_contains_paid_content":false,"footnotes":"","jetpack_publicize_message":"","jetpack_publicize_feature_enabled":true,"jetpack_social_post_already_shared":true,"jetpack_social_options":{"image_generator_settings":{"template":"highway","enabled":false},"version":2}},"categories":[135,7,11],"tags":[],"class_list":["post-15669","post","type-post","status-publish","format-standard","has-post-thumbnail","hentry","category-lo-mas-leido","category-local","category-principal"],"jetpack_publicize_connections":[],"jetpack_sharing_enabled":true,"jetpack_featured_media_url":"https:\/\/i0.wp.com\/alcierrenoticias.com\/wp-content\/uploads\/2025\/06\/WhatsApp-Image-2025-06-16-at-12.35.08-PM.jpeg?fit=1600%2C1200&ssl=1","amp_enabled":true,"_links":{"self":[{"href":"https:\/\/alcierrenoticias.com\/index.php\/wp-json\/wp\/v2\/posts\/15669","targetHints":{"allow":["GET"]}}],"collection":[{"href":"https:\/\/alcierrenoticias.com\/index.php\/wp-json\/wp\/v2\/posts"}],"about":[{"href":"https:\/\/alcierrenoticias.com\/index.php\/wp-json\/wp\/v2\/types\/post"}],"author":[{"embeddable":true,"href":"https:\/\/alcierrenoticias.com\/index.php\/wp-json\/wp\/v2\/users\/2"}],"replies":[{"embeddable":true,"href":"https:\/\/alcierrenoticias.com\/index.php\/wp-json\/wp\/v2\/comments?post=15669"}],"version-history":[{"count":2,"href":"https:\/\/alcierrenoticias.com\/index.php\/wp-json\/wp\/v2\/posts\/15669\/revisions"}],"predecessor-version":[{"id":15672,"href":"https:\/\/alcierrenoticias.com\/index.php\/wp-json\/wp\/v2\/posts\/15669\/revisions\/15672"}],"wp:featuredmedia":[{"embeddable":true,"href":"https:\/\/alcierrenoticias.com\/index.php\/wp-json\/wp\/v2\/media\/15671"}],"wp:attachment":[{"href":"https:\/\/alcierrenoticias.com\/index.php\/wp-json\/wp\/v2\/media?parent=15669"}],"wp:term":[{"taxonomy":"category","embeddable":true,"href":"https:\/\/alcierrenoticias.com\/index.php\/wp-json\/wp\/v2\/categories?post=15669"},{"taxonomy":"post_tag","embeddable":true,"href":"https:\/\/alcierrenoticias.com\/index.php\/wp-json\/wp\/v2\/tags?post=15669"}],"curies":[{"name":"wp","href":"https:\/\/api.w.org\/{rel}","templated":true}]}}