{"id":15665,"date":"2025-06-16T12:45:05","date_gmt":"2025-06-16T18:45:05","guid":{"rendered":"https:\/\/alcierrenoticias.com\/?p=15665"},"modified":"2025-06-17T22:57:15","modified_gmt":"2025-06-18T04:57:15","slug":"inicia-pavimentacion-en-importante-tramo-de-la-avenida-fernando-baeza","status":"publish","type":"post","link":"https:\/\/alcierrenoticias.com\/index.php\/2025\/06\/16\/inicia-pavimentacion-en-importante-tramo-de-la-avenida-fernando-baeza\/","title":{"rendered":"Inicia pavimentaci\u00f3n en importante tramo de la avenida Fernando Baeza."},"content":{"rendered":"<p>Supervisan autoridades municipales el inicio de la pavimentaci\u00f3n de la avenida Fernando Baeza, a la altura del cruce con la R\u00edo Chuviscar y la avenida D\u00e9cima. El encargado de despacho, regidor Mario Alberto Mata Lic\u00f3n, inform\u00f3 que las labores continuar\u00e1n durante toda la semana y pidi\u00f3 a la ciudadan\u00eda tomar rutas alternas.<\/p>\n<p>\u201cGracias a las gestiones del alcalde Jes\u00fas Valenciano y al trabajo coordinado con el diputado Roberto Carre\u00f3n y la s\u00edndico Gaby Franco, hemos logrado avanzar en esta vialidad tan transitada\u201d, expres\u00f3 Mata Lic\u00f3n.<\/p>\n<p>Detall\u00f3 que este nuevo tramo en intervenci\u00f3n abarca 3,903 metros cuadrados de pavimentaci\u00f3n, con una inversi\u00f3n exacta de 1 mill\u00f3n 777 mil pesos, beneficiando directamente a m\u00e1s de 8 mil ciudadanos que circulan o viven en la zona.<\/p>\n<p>Pidi\u00f3 comprensi\u00f3n por las molestias que puedan surgir durante la obra y explic\u00f3 que, con apoyo del comandante de Vialidad, Erick Rodr\u00edguez, ya se cuenta con rutas alternas sugeridas: tomar la R\u00edo Chuviscar para reincorporarse a la avenida D\u00e9cima.<\/p>\n<p>Durante la supervisi\u00f3n tambi\u00e9n estuvieron presentes el director de Obras P\u00fablicas, Alfonso Rodr\u00edguez; la s\u00edndica municipal, Gaby Franco, y el diputado local Roberto Carre\u00f3n, reforzando as\u00ed el compromiso conjunto de los distintos niveles de gobierno por mejorar la infraestructura de Delicias.<\/p>\n","protected":false},"excerpt":{"rendered":"<p>Supervisan autoridades municipales el inicio de la pavimentaci\u00f3n de la avenida Fernando Baeza, a la altura del cruce con la R\u00edo Chuviscar y la avenida D\u00e9cima. El encargado de despacho, regidor Mario Alberto Mata Lic\u00f3n, inform\u00f3 que las labores continuar\u00e1n durante toda la semana y pidi\u00f3 a la ciudadan\u00eda tomar rutas alternas. \u201cGracias a las gestiones del alcalde Jes\u00fas Valenciano y al trabajo coordinado con el diputado Roberto Carre\u00f3n y la s\u00edndico Gaby Franco, hemos logrado avanzar en esta vialidad tan transitada\u201d, expres\u00f3 Mata Lic\u00f3n. Detall\u00f3 que este nuevo tramo en intervenci\u00f3n abarca 3,903 metros cuadrados de pavimentaci\u00f3n, con una inversi\u00f3n exacta de 1 mill\u00f3n 777 mil pesos, beneficiando directamente a m\u00e1s de 8 mil ciudadanos que circulan o viven en la zona. Pidi\u00f3 comprensi\u00f3n por las molestias que puedan surgir durante la obra y explic\u00f3 que, con apoyo del comandante de Vialidad, Erick Rodr\u00edguez, ya se cuenta con rutas alternas sugeridas: tomar la R\u00edo Chuviscar para reincorporarse a la avenida D\u00e9cima. Durante la supervisi\u00f3n tambi\u00e9n estuvieron presentes el director de Obras P\u00fablicas, Alfonso Rodr\u00edguez; la s\u00edndica municipal, Gaby Franco, y el diputado local Roberto Carre\u00f3n, reforzando as\u00ed el compromiso conjunto de los distintos niveles de gobierno por mejorar la infraestructura de Delicias.<\/p>\n","protected":false},"author":2,"featured_media":15666,"comment_status":"open","ping_status":"open","sticky":false,"template":"","format":"standard","meta":{"_monsterinsights_skip_tracking":false,"_monsterinsights_sitenote_active":false,"_monsterinsights_sitenote_note":"","_monsterinsights_sitenote_category":0,"advanced_seo_description":"","jetpack_seo_html_title":"","jetpack_seo_noindex":false,"_jetpack_memberships_contains_paid_content":false,"footnotes":"","jetpack_publicize_message":"","jetpack_publicize_feature_enabled":true,"jetpack_social_post_already_shared":true,"jetpack_social_options":{"image_generator_settings":{"template":"highway","enabled":false},"version":2}},"categories":[135,7,11],"tags":[],"class_list":["post-15665","post","type-post","status-publish","format-standard","has-post-thumbnail","hentry","category-lo-mas-leido","category-local","category-principal"],"jetpack_publicize_connections":[],"jetpack_sharing_enabled":true,"jetpack_featured_media_url":"https:\/\/i0.wp.com\/alcierrenoticias.com\/wp-content\/uploads\/2025\/06\/WhatsApp-Image-2025-06-16-at-12.34.46-PM.jpeg?fit=2420%2C1531&ssl=1","amp_enabled":true,"_links":{"self":[{"href":"https:\/\/alcierrenoticias.com\/index.php\/wp-json\/wp\/v2\/posts\/15665","targetHints":{"allow":["GET"]}}],"collection":[{"href":"https:\/\/alcierrenoticias.com\/index.php\/wp-json\/wp\/v2\/posts"}],"about":[{"href":"https:\/\/alcierrenoticias.com\/index.php\/wp-json\/wp\/v2\/types\/post"}],"author":[{"embeddable":true,"href":"https:\/\/alcierrenoticias.com\/index.php\/wp-json\/wp\/v2\/users\/2"}],"replies":[{"embeddable":true,"href":"https:\/\/alcierrenoticias.com\/index.php\/wp-json\/wp\/v2\/comments?post=15665"}],"version-history":[{"count":2,"href":"https:\/\/alcierrenoticias.com\/index.php\/wp-json\/wp\/v2\/posts\/15665\/revisions"}],"predecessor-version":[{"id":15668,"href":"https:\/\/alcierrenoticias.com\/index.php\/wp-json\/wp\/v2\/posts\/15665\/revisions\/15668"}],"wp:featuredmedia":[{"embeddable":true,"href":"https:\/\/alcierrenoticias.com\/index.php\/wp-json\/wp\/v2\/media\/15666"}],"wp:attachment":[{"href":"https:\/\/alcierrenoticias.com\/index.php\/wp-json\/wp\/v2\/media?parent=15665"}],"wp:term":[{"taxonomy":"category","embeddable":true,"href":"https:\/\/alcierrenoticias.com\/index.php\/wp-json\/wp\/v2\/categories?post=15665"},{"taxonomy":"post_tag","embeddable":true,"href":"https:\/\/alcierrenoticias.com\/index.php\/wp-json\/wp\/v2\/tags?post=15665"}],"curies":[{"name":"wp","href":"https:\/\/api.w.org\/{rel}","templated":true}]}}