{"id":15661,"date":"2025-06-16T12:40:09","date_gmt":"2025-06-16T18:40:09","guid":{"rendered":"https:\/\/alcierrenoticias.com\/?p=15661"},"modified":"2025-06-17T22:53:33","modified_gmt":"2025-06-18T04:53:33","slug":"reunen-9-toneladas-de-basura-electronica-en-eco-punto-verde-en-delicias","status":"publish","type":"post","link":"https:\/\/alcierrenoticias.com\/index.php\/2025\/06\/16\/reunen-9-toneladas-de-basura-electronica-en-eco-punto-verde-en-delicias\/","title":{"rendered":"Re\u00fanen 9 toneladas de basura electr\u00f3nica en Eco Punto Verde en Delicias."},"content":{"rendered":"<p>Con una respuesta positiva por parte de la ciudadan\u00eda, el Eco Punto Verde logr\u00f3 reunir cerca de 9 toneladas de residuos electr\u00f3nicos durante los dos d\u00edas que permaneci\u00f3 instalado en la Plaza de la Rep\u00fablica, inform\u00f3 Juan Carlos Torrecillas L\u00f3pez, jefe de Medioambiente en Delicias.<\/p>\n<p>La actividad form\u00f3 parte del programa \u201cJunio Ambiental\u201d y cont\u00f3 con la participaci\u00f3n del Club de Leones, integrantes del Comit\u00e9 Integral de Medio Ambiente y Cambio Clim\u00e1tico, la empresa H&amp;M Recycling proveniente de Ciudad Ju\u00e1rez, as\u00ed como Fundaci\u00f3n Grupo M\u00e9xico, que don\u00f3 \u00e1rboles como parte del evento.<\/p>\n<p>\u201cSuperamos la meta, recibimos una tonelada m\u00e1s que la ocasi\u00f3n anterior. Eso significa que estas casi nueve toneladas ya no terminar\u00e1n en el suelo, en el agua o en el relleno sanitario, reduciendo riesgos a la salud de las familias delicienses, como lo ha instruido el alcalde Jes\u00fas Valenciano\u201d, expres\u00f3 Torrecillas.<\/p>\n<p>Durante la jornada se recibieron art\u00edculos como televisores, computadoras, CPU, cables, electrodom\u00e9sticos y m\u00e1s, con una notable participaci\u00f3n tanto de ciudadanos como de empresas comprometidas con el reciclaje responsable.<\/p>\n<p>Finalmente, el funcionario invit\u00f3 a la poblaci\u00f3n que a\u00fan tenga residuos electr\u00f3nicos en casa a comunicarse con la Jefatura de Medioambiente para conocer los puntos de acopio disponibles mientras inicia una nueva campa\u00f1a, reiterando el compromiso del municipio con la sostenibilidad.<\/p>\n","protected":false},"excerpt":{"rendered":"<p>Con una respuesta positiva por parte de la ciudadan\u00eda, el Eco Punto Verde logr\u00f3 reunir cerca de 9 toneladas de residuos electr\u00f3nicos durante los dos d\u00edas que permaneci\u00f3 instalado en la Plaza de la Rep\u00fablica, inform\u00f3 Juan Carlos Torrecillas L\u00f3pez, jefe de Medioambiente en Delicias. La actividad form\u00f3 parte del programa \u201cJunio Ambiental\u201d y cont\u00f3 con la participaci\u00f3n del Club de Leones, integrantes del Comit\u00e9 Integral de Medio Ambiente y Cambio Clim\u00e1tico, la empresa H&amp;M Recycling proveniente de Ciudad Ju\u00e1rez, as\u00ed como Fundaci\u00f3n Grupo M\u00e9xico, que don\u00f3 \u00e1rboles como parte del evento. \u201cSuperamos la meta, recibimos una tonelada m\u00e1s que la ocasi\u00f3n anterior. Eso significa que estas casi nueve toneladas ya no terminar\u00e1n en el suelo, en el agua o en el relleno sanitario, reduciendo riesgos a la salud de las familias delicienses, como lo ha instruido el alcalde Jes\u00fas Valenciano\u201d, expres\u00f3 Torrecillas. Durante la jornada se recibieron art\u00edculos como televisores, computadoras, CPU, cables, electrodom\u00e9sticos y m\u00e1s, con una notable participaci\u00f3n tanto de ciudadanos como de empresas comprometidas con el reciclaje responsable. Finalmente, el funcionario invit\u00f3 a la poblaci\u00f3n que a\u00fan tenga residuos electr\u00f3nicos en casa a comunicarse con la Jefatura de Medioambiente para conocer los puntos de acopio disponibles mientras inicia una nueva campa\u00f1a, reiterando el compromiso del municipio con la sostenibilidad.<\/p>\n","protected":false},"author":2,"featured_media":15662,"comment_status":"open","ping_status":"open","sticky":false,"template":"","format":"standard","meta":{"_monsterinsights_skip_tracking":false,"_monsterinsights_sitenote_active":false,"_monsterinsights_sitenote_note":"","_monsterinsights_sitenote_category":0,"advanced_seo_description":"","jetpack_seo_html_title":"","jetpack_seo_noindex":false,"_jetpack_memberships_contains_paid_content":false,"footnotes":"","jetpack_publicize_message":"","jetpack_publicize_feature_enabled":true,"jetpack_social_post_already_shared":true,"jetpack_social_options":{"image_generator_settings":{"template":"highway","enabled":false},"version":2}},"categories":[135,7,11],"tags":[],"class_list":["post-15661","post","type-post","status-publish","format-standard","has-post-thumbnail","hentry","category-lo-mas-leido","category-local","category-principal"],"jetpack_publicize_connections":[],"jetpack_sharing_enabled":true,"jetpack_featured_media_url":"https:\/\/i0.wp.com\/alcierrenoticias.com\/wp-content\/uploads\/2025\/06\/WhatsApp-Image-2025-06-16-at-12.34.45-PM.jpeg?fit=1600%2C1066&ssl=1","amp_enabled":true,"_links":{"self":[{"href":"https:\/\/alcierrenoticias.com\/index.php\/wp-json\/wp\/v2\/posts\/15661","targetHints":{"allow":["GET"]}}],"collection":[{"href":"https:\/\/alcierrenoticias.com\/index.php\/wp-json\/wp\/v2\/posts"}],"about":[{"href":"https:\/\/alcierrenoticias.com\/index.php\/wp-json\/wp\/v2\/types\/post"}],"author":[{"embeddable":true,"href":"https:\/\/alcierrenoticias.com\/index.php\/wp-json\/wp\/v2\/users\/2"}],"replies":[{"embeddable":true,"href":"https:\/\/alcierrenoticias.com\/index.php\/wp-json\/wp\/v2\/comments?post=15661"}],"version-history":[{"count":2,"href":"https:\/\/alcierrenoticias.com\/index.php\/wp-json\/wp\/v2\/posts\/15661\/revisions"}],"predecessor-version":[{"id":15664,"href":"https:\/\/alcierrenoticias.com\/index.php\/wp-json\/wp\/v2\/posts\/15661\/revisions\/15664"}],"wp:featuredmedia":[{"embeddable":true,"href":"https:\/\/alcierrenoticias.com\/index.php\/wp-json\/wp\/v2\/media\/15662"}],"wp:attachment":[{"href":"https:\/\/alcierrenoticias.com\/index.php\/wp-json\/wp\/v2\/media?parent=15661"}],"wp:term":[{"taxonomy":"category","embeddable":true,"href":"https:\/\/alcierrenoticias.com\/index.php\/wp-json\/wp\/v2\/categories?post=15661"},{"taxonomy":"post_tag","embeddable":true,"href":"https:\/\/alcierrenoticias.com\/index.php\/wp-json\/wp\/v2\/tags?post=15661"}],"curies":[{"name":"wp","href":"https:\/\/api.w.org\/{rel}","templated":true}]}}