{"id":15657,"date":"2025-06-15T10:08:49","date_gmt":"2025-06-15T16:08:49","guid":{"rendered":"https:\/\/alcierrenoticias.com\/?p=15657"},"modified":"2025-06-17T22:50:51","modified_gmt":"2025-06-18T04:50:51","slug":"presencia-del-implan-delicias-en-el-decimo-smart-city-expo-latam-congress-puebla-2025","status":"publish","type":"post","link":"https:\/\/alcierrenoticias.com\/index.php\/2025\/06\/15\/presencia-del-implan-delicias-en-el-decimo-smart-city-expo-latam-congress-puebla-2025\/","title":{"rendered":"Presencia del IMPLAN Delicias en el d\u00e9cimo Smart City Expo LATAM Congress Puebla 2025."},"content":{"rendered":"<p>El Instituto Municipal de Planeaci\u00f3n (IMPLAN) de Delicias participa con orgullo en la d\u00e9cima edici\u00f3n del Smart City Expo LATAM Congress en Puebla, uno de los foros m\u00e1s relevantes en innovaci\u00f3n urbana de Am\u00e9rica Latina. En representaci\u00f3n del alcalde Jes\u00fas Valenciano, el IMPLAN reafirma el compromiso de Delicias con una planeaci\u00f3n estrat\u00e9gica que apuesta por la sostenibilidad, la tecnolog\u00eda inteligente y la inclusi\u00f3n social como ejes del desarrollo.<\/p>\n<p>La presencia del IMPLAN en este evento internacional no es solo una asistencia protocolaria, sino una apuesta decidida por adquirir conocimientos, tecnolog\u00edas y alianzas clave que se traducen en resultados concretos para el municipio. Desde soluciones en movilidad sostenible y gobierno digital hasta resiliencia clim\u00e1tica y ciudades inclusivas, la experiencia compartida entre regiones permite aprender de los aciertos \u2014y tambi\u00e9n de los errores\u2014 para acelerar la transformaci\u00f3n urbana en Delicias.<\/p>\n<p>Este espacio de convergencia global permite al IMPLAN analizar buenas pr\u00e1cticas, modelos replicables e insumos t\u00e9cnicos que fortalecen el marco urbano de nuestro municipio con visi\u00f3n a largo plazo, alineando nuestras acciones a los Objetivos de Desarrollo Sostenible promovidos por la ONU.<\/p>\n<p>La participaci\u00f3n del IMPLAN en este congreso posiciona a Delicias como un municipio con liderazgo t\u00e9cnico, visi\u00f3n estrat\u00e9gica y vocaci\u00f3n de futuro. Gracias a la visi\u00f3n del alcalde Jes\u00fas Valenciano, la ciudad avanza decididamente hacia una planeaci\u00f3n que transforma intenciones en resultados, y desaf\u00edos en oportunidades, construyendo desde lo local una ciudad m\u00e1s inteligente, resiliente y humana.<\/p>\n","protected":false},"excerpt":{"rendered":"<p>El Instituto Municipal de Planeaci\u00f3n (IMPLAN) de Delicias participa con orgullo en la d\u00e9cima edici\u00f3n del Smart City Expo LATAM Congress en Puebla, uno de los foros m\u00e1s relevantes en innovaci\u00f3n urbana de Am\u00e9rica Latina. En representaci\u00f3n del alcalde Jes\u00fas Valenciano, el IMPLAN reafirma el compromiso de Delicias con una planeaci\u00f3n estrat\u00e9gica que apuesta por la sostenibilidad, la tecnolog\u00eda inteligente y la inclusi\u00f3n social como ejes del desarrollo. La presencia del IMPLAN en este evento internacional no es solo una asistencia protocolaria, sino una apuesta decidida por adquirir conocimientos, tecnolog\u00edas y alianzas clave que se traducen en resultados concretos para el municipio. Desde soluciones en movilidad sostenible y gobierno digital hasta resiliencia clim\u00e1tica y ciudades inclusivas, la experiencia compartida entre regiones permite aprender de los aciertos \u2014y tambi\u00e9n de los errores\u2014 para acelerar la transformaci\u00f3n urbana en Delicias. Este espacio de convergencia global permite al IMPLAN analizar buenas pr\u00e1cticas, modelos replicables e insumos t\u00e9cnicos que fortalecen el marco urbano de nuestro municipio con visi\u00f3n a largo plazo, alineando nuestras acciones a los Objetivos de Desarrollo Sostenible promovidos por la ONU. La participaci\u00f3n del IMPLAN en este congreso posiciona a Delicias como un municipio con liderazgo t\u00e9cnico, visi\u00f3n estrat\u00e9gica y vocaci\u00f3n de futuro. Gracias a la visi\u00f3n del alcalde Jes\u00fas Valenciano, la ciudad avanza decididamente hacia una planeaci\u00f3n que transforma intenciones en resultados, y desaf\u00edos en oportunidades, construyendo desde lo local una ciudad m\u00e1s inteligente, resiliente y humana.<\/p>\n","protected":false},"author":2,"featured_media":15658,"comment_status":"open","ping_status":"open","sticky":false,"template":"","format":"standard","meta":{"_monsterinsights_skip_tracking":false,"_monsterinsights_sitenote_active":false,"_monsterinsights_sitenote_note":"","_monsterinsights_sitenote_category":0,"advanced_seo_description":"","jetpack_seo_html_title":"","jetpack_seo_noindex":false,"_jetpack_memberships_contains_paid_content":false,"footnotes":"","jetpack_publicize_message":"","jetpack_publicize_feature_enabled":true,"jetpack_social_post_already_shared":true,"jetpack_social_options":{"image_generator_settings":{"template":"highway","enabled":false},"version":2}},"categories":[135,7,11],"tags":[],"class_list":["post-15657","post","type-post","status-publish","format-standard","has-post-thumbnail","hentry","category-lo-mas-leido","category-local","category-principal"],"jetpack_publicize_connections":[],"jetpack_sharing_enabled":true,"jetpack_featured_media_url":"https:\/\/i0.wp.com\/alcierrenoticias.com\/wp-content\/uploads\/2025\/06\/WhatsApp-Image-2025-06-15-at-10.06.22-AM.jpeg?fit=1600%2C1200&ssl=1","amp_enabled":true,"_links":{"self":[{"href":"https:\/\/alcierrenoticias.com\/index.php\/wp-json\/wp\/v2\/posts\/15657","targetHints":{"allow":["GET"]}}],"collection":[{"href":"https:\/\/alcierrenoticias.com\/index.php\/wp-json\/wp\/v2\/posts"}],"about":[{"href":"https:\/\/alcierrenoticias.com\/index.php\/wp-json\/wp\/v2\/types\/post"}],"author":[{"embeddable":true,"href":"https:\/\/alcierrenoticias.com\/index.php\/wp-json\/wp\/v2\/users\/2"}],"replies":[{"embeddable":true,"href":"https:\/\/alcierrenoticias.com\/index.php\/wp-json\/wp\/v2\/comments?post=15657"}],"version-history":[{"count":2,"href":"https:\/\/alcierrenoticias.com\/index.php\/wp-json\/wp\/v2\/posts\/15657\/revisions"}],"predecessor-version":[{"id":15660,"href":"https:\/\/alcierrenoticias.com\/index.php\/wp-json\/wp\/v2\/posts\/15657\/revisions\/15660"}],"wp:featuredmedia":[{"embeddable":true,"href":"https:\/\/alcierrenoticias.com\/index.php\/wp-json\/wp\/v2\/media\/15658"}],"wp:attachment":[{"href":"https:\/\/alcierrenoticias.com\/index.php\/wp-json\/wp\/v2\/media?parent=15657"}],"wp:term":[{"taxonomy":"category","embeddable":true,"href":"https:\/\/alcierrenoticias.com\/index.php\/wp-json\/wp\/v2\/categories?post=15657"},{"taxonomy":"post_tag","embeddable":true,"href":"https:\/\/alcierrenoticias.com\/index.php\/wp-json\/wp\/v2\/tags?post=15657"}],"curies":[{"name":"wp","href":"https:\/\/api.w.org\/{rel}","templated":true}]}}