{"id":15645,"date":"2025-06-14T18:56:30","date_gmt":"2025-06-15T00:56:30","guid":{"rendered":"https:\/\/alcierrenoticias.com\/?p=15645"},"modified":"2025-06-17T14:15:31","modified_gmt":"2025-06-17T20:15:31","slug":"todo-un-exito-la-gran-callejoneada-en-meoqui","status":"publish","type":"post","link":"https:\/\/alcierrenoticias.com\/index.php\/2025\/06\/14\/todo-un-exito-la-gran-callejoneada-en-meoqui\/","title":{"rendered":"Todo un exito la gran callejoneada en Meoqui."},"content":{"rendered":"<p>Inician festejos del 316 aniversario de la fundaci\u00f3n del Meoqui<\/p>\n<p>Como parte de los festejos del 316 aniversario de la fundacion del municipio de Meoqui, se realiz\u00f3 la tradicional callejoneada con las candidatas a Reina de la Feria San Pedro y San Pablo 2025, donde se vivi\u00f3 un momento de alegria al ritmo de la Tambora Trigue\u00f1a.<\/p>\n<p>\u201cEstamos muy contentos porque no solo vienen de Meoqui, tambi\u00e9n de distintas localidades del municipio. Queremos que esta callejoneada se convierta en una verdadera tradici\u00f3n\u201d, expres\u00f3 Dulcemaria Lugo directora del Instituto Municipal de Deporte y Juventud de Meoqui.<\/p>\n<p>Finalmente, invit\u00f3 a la poblaci\u00f3n a asistir a la pr\u00f3xima Feria de San Pedro y San Pablo y a seguir apoyando a sus candidatas favoritas. \u201cVamos a tener varias actividades con ellas, as\u00ed que los invitamos a sumarse y ser parte de esta gran fiesta\u201d, concluy\u00f3.<\/p>\n","protected":false},"excerpt":{"rendered":"<p>Inician festejos del 316 aniversario de la fundaci\u00f3n del Meoqui Como parte de los festejos del 316 aniversario de la fundacion del municipio de Meoqui, se realiz\u00f3 la tradicional callejoneada con las candidatas a Reina de la Feria San Pedro y San Pablo 2025, donde se vivi\u00f3 un momento de alegria al ritmo de la Tambora Trigue\u00f1a. \u201cEstamos muy contentos porque no solo vienen de Meoqui, tambi\u00e9n de distintas localidades del municipio. Queremos que esta callejoneada se convierta en una verdadera tradici\u00f3n\u201d, expres\u00f3 Dulcemaria Lugo directora del Instituto Municipal de Deporte y Juventud de Meoqui. Finalmente, invit\u00f3 a la poblaci\u00f3n a asistir a la pr\u00f3xima Feria de San Pedro y San Pablo y a seguir apoyando a sus candidatas favoritas. \u201cVamos a tener varias actividades con ellas, as\u00ed que los invitamos a sumarse y ser parte de esta gran fiesta\u201d, concluy\u00f3.<\/p>\n","protected":false},"author":2,"featured_media":15646,"comment_status":"open","ping_status":"open","sticky":false,"template":"","format":"standard","meta":{"_monsterinsights_skip_tracking":false,"_monsterinsights_sitenote_active":false,"_monsterinsights_sitenote_note":"","_monsterinsights_sitenote_category":0,"advanced_seo_description":"","jetpack_seo_html_title":"","jetpack_seo_noindex":false,"_jetpack_memberships_contains_paid_content":false,"footnotes":"","jetpack_publicize_message":"","jetpack_publicize_feature_enabled":true,"jetpack_social_post_already_shared":true,"jetpack_social_options":{"image_generator_settings":{"template":"highway","enabled":false},"version":2}},"categories":[135,7,11],"tags":[],"class_list":["post-15645","post","type-post","status-publish","format-standard","has-post-thumbnail","hentry","category-lo-mas-leido","category-local","category-principal"],"jetpack_publicize_connections":[],"jetpack_sharing_enabled":true,"jetpack_featured_media_url":"https:\/\/i0.wp.com\/alcierrenoticias.com\/wp-content\/uploads\/2025\/06\/WhatsApp-Image-2025-06-14-at-6.46.39-PM.jpeg?fit=1280%2C853&ssl=1","amp_enabled":true,"_links":{"self":[{"href":"https:\/\/alcierrenoticias.com\/index.php\/wp-json\/wp\/v2\/posts\/15645","targetHints":{"allow":["GET"]}}],"collection":[{"href":"https:\/\/alcierrenoticias.com\/index.php\/wp-json\/wp\/v2\/posts"}],"about":[{"href":"https:\/\/alcierrenoticias.com\/index.php\/wp-json\/wp\/v2\/types\/post"}],"author":[{"embeddable":true,"href":"https:\/\/alcierrenoticias.com\/index.php\/wp-json\/wp\/v2\/users\/2"}],"replies":[{"embeddable":true,"href":"https:\/\/alcierrenoticias.com\/index.php\/wp-json\/wp\/v2\/comments?post=15645"}],"version-history":[{"count":2,"href":"https:\/\/alcierrenoticias.com\/index.php\/wp-json\/wp\/v2\/posts\/15645\/revisions"}],"predecessor-version":[{"id":15648,"href":"https:\/\/alcierrenoticias.com\/index.php\/wp-json\/wp\/v2\/posts\/15645\/revisions\/15648"}],"wp:featuredmedia":[{"embeddable":true,"href":"https:\/\/alcierrenoticias.com\/index.php\/wp-json\/wp\/v2\/media\/15646"}],"wp:attachment":[{"href":"https:\/\/alcierrenoticias.com\/index.php\/wp-json\/wp\/v2\/media?parent=15645"}],"wp:term":[{"taxonomy":"category","embeddable":true,"href":"https:\/\/alcierrenoticias.com\/index.php\/wp-json\/wp\/v2\/categories?post=15645"},{"taxonomy":"post_tag","embeddable":true,"href":"https:\/\/alcierrenoticias.com\/index.php\/wp-json\/wp\/v2\/tags?post=15645"}],"curies":[{"name":"wp","href":"https:\/\/api.w.org\/{rel}","templated":true}]}}