{"id":15636,"date":"2025-06-14T12:45:04","date_gmt":"2025-06-14T18:45:04","guid":{"rendered":"https:\/\/alcierrenoticias.com\/?p=15636"},"modified":"2025-06-17T14:01:02","modified_gmt":"2025-06-17T20:01:02","slug":"inician-este-lunes-trabajos-de-rehabilitacion-vial-en-tramo-de-la-avenida-fernando-baeza","status":"publish","type":"post","link":"https:\/\/alcierrenoticias.com\/index.php\/2025\/06\/14\/inician-este-lunes-trabajos-de-rehabilitacion-vial-en-tramo-de-la-avenida-fernando-baeza\/","title":{"rendered":"Inician este lunes trabajos de rehabilitaci\u00f3n vial en tramo de la avenida Fernando Baeza."},"content":{"rendered":"<p>La Direcci\u00f3n de Obras P\u00fablicas del municipio de Delicias inform\u00f3 que a partir del lunes 16 de junio de 2025 dar\u00e1 inicio un proceso de rehabilitaci\u00f3n vial en la avenida Fernando Baeza, espec\u00edficamente en el carril de poniente a oriente, entre la avenida R\u00edo Chuviscar sur y la avenida 10 sur.<\/p>\n<p>Como medida preventiva, se exhorta a los conductores a reducir la velocidad y respetar los se\u00f1alamientos colocados en la zona durante el desarrollo de las labores.<\/p>\n<p>Asimismo, se indic\u00f3 una ruta alterna para facilitar la circulaci\u00f3n: los automovilistas deber\u00e1n tomar la avenida R\u00edo Chuviscar hacia la izquierda y posteriormente girar a la derecha en la avenida 10 sur, para reincorporarse a la avenida Fernando Baeza.<\/p>\n<p>Estas acciones forman parte del compromiso del Gobierno Municipal que encabeza el alcalde Jes\u00fas Valenciano Garc\u00eda, por mejorar la infraestructura vial y garantizar mayor seguridad en el tr\u00e1nsito.<\/p>\n","protected":false},"excerpt":{"rendered":"<p>La Direcci\u00f3n de Obras P\u00fablicas del municipio de Delicias inform\u00f3 que a partir del lunes 16 de junio de 2025 dar\u00e1 inicio un proceso de rehabilitaci\u00f3n vial en la avenida Fernando Baeza, espec\u00edficamente en el carril de poniente a oriente, entre la avenida R\u00edo Chuviscar sur y la avenida 10 sur. Como medida preventiva, se exhorta a los conductores a reducir la velocidad y respetar los se\u00f1alamientos colocados en la zona durante el desarrollo de las labores. Asimismo, se indic\u00f3 una ruta alterna para facilitar la circulaci\u00f3n: los automovilistas deber\u00e1n tomar la avenida R\u00edo Chuviscar hacia la izquierda y posteriormente girar a la derecha en la avenida 10 sur, para reincorporarse a la avenida Fernando Baeza. Estas acciones forman parte del compromiso del Gobierno Municipal que encabeza el alcalde Jes\u00fas Valenciano Garc\u00eda, por mejorar la infraestructura vial y garantizar mayor seguridad en el tr\u00e1nsito.<\/p>\n","protected":false},"author":2,"featured_media":15638,"comment_status":"open","ping_status":"open","sticky":false,"template":"","format":"standard","meta":{"_monsterinsights_skip_tracking":false,"_monsterinsights_sitenote_active":false,"_monsterinsights_sitenote_note":"","_monsterinsights_sitenote_category":0,"advanced_seo_description":"","jetpack_seo_html_title":"","jetpack_seo_noindex":false,"_jetpack_memberships_contains_paid_content":false,"footnotes":"","jetpack_publicize_message":"","jetpack_publicize_feature_enabled":true,"jetpack_social_post_already_shared":true,"jetpack_social_options":{"image_generator_settings":{"template":"highway","enabled":false},"version":2}},"categories":[135,7,11],"tags":[],"class_list":["post-15636","post","type-post","status-publish","format-standard","has-post-thumbnail","hentry","category-lo-mas-leido","category-local","category-principal"],"jetpack_publicize_connections":[],"jetpack_sharing_enabled":true,"jetpack_featured_media_url":"https:\/\/i0.wp.com\/alcierrenoticias.com\/wp-content\/uploads\/2025\/06\/WhatsApp-Image-2025-06-14-at-12.39.32-PM-e1750190428503.jpeg?fit=500%2C406&ssl=1","amp_enabled":true,"_links":{"self":[{"href":"https:\/\/alcierrenoticias.com\/index.php\/wp-json\/wp\/v2\/posts\/15636","targetHints":{"allow":["GET"]}}],"collection":[{"href":"https:\/\/alcierrenoticias.com\/index.php\/wp-json\/wp\/v2\/posts"}],"about":[{"href":"https:\/\/alcierrenoticias.com\/index.php\/wp-json\/wp\/v2\/types\/post"}],"author":[{"embeddable":true,"href":"https:\/\/alcierrenoticias.com\/index.php\/wp-json\/wp\/v2\/users\/2"}],"replies":[{"embeddable":true,"href":"https:\/\/alcierrenoticias.com\/index.php\/wp-json\/wp\/v2\/comments?post=15636"}],"version-history":[{"count":2,"href":"https:\/\/alcierrenoticias.com\/index.php\/wp-json\/wp\/v2\/posts\/15636\/revisions"}],"predecessor-version":[{"id":15640,"href":"https:\/\/alcierrenoticias.com\/index.php\/wp-json\/wp\/v2\/posts\/15636\/revisions\/15640"}],"wp:featuredmedia":[{"embeddable":true,"href":"https:\/\/alcierrenoticias.com\/index.php\/wp-json\/wp\/v2\/media\/15638"}],"wp:attachment":[{"href":"https:\/\/alcierrenoticias.com\/index.php\/wp-json\/wp\/v2\/media?parent=15636"}],"wp:term":[{"taxonomy":"category","embeddable":true,"href":"https:\/\/alcierrenoticias.com\/index.php\/wp-json\/wp\/v2\/categories?post=15636"},{"taxonomy":"post_tag","embeddable":true,"href":"https:\/\/alcierrenoticias.com\/index.php\/wp-json\/wp\/v2\/tags?post=15636"}],"curies":[{"name":"wp","href":"https:\/\/api.w.org\/{rel}","templated":true}]}}