{"id":15628,"date":"2025-06-13T18:08:53","date_gmt":"2025-06-14T00:08:53","guid":{"rendered":"https:\/\/alcierrenoticias.com\/?p=15628"},"modified":"2025-06-13T23:53:43","modified_gmt":"2025-06-14T05:53:43","slug":"municipio-invita-manana-sabado-a-las-930-a-m-a-reforestacion-en-los-campos-de-la-julio-zamarripa","status":"publish","type":"post","link":"https:\/\/alcierrenoticias.com\/index.php\/2025\/06\/13\/municipio-invita-manana-sabado-a-las-930-a-m-a-reforestacion-en-los-campos-de-la-julio-zamarripa\/","title":{"rendered":"Municipio invita ma\u00f1ana s\u00e1bado a las 9:30 a.m. a reforestaci\u00f3n en los campos de la Julio Zamarripa."},"content":{"rendered":"<p>El Gobierno Municipal de Camargo, a trav\u00e9s del Comit\u00e9 de Ecolog\u00eda, la Brigada de Desarrollo, la Direcci\u00f3n de Servicios Municipales y en colaboraci\u00f3n con la Fundaci\u00f3n Grupo M\u00e9xico, invita a la ciudadan\u00eda a participar en la Campa\u00f1a de Reforestaci\u00f3n que se llevar\u00e1 a cabo este s\u00e1bado 14 de junio a las 9:30 a.m. en los campos de la colonia Julio Zamarripa.<\/p>\n<p>Esta jornada tiene como objetivo fortalecer las \u00e1reas verdes de la zona y generar conciencia sobre el cuidado del medio ambiente. Invitamos a vecinos, familias, instituciones y colectivos a sumarse a este esfuerzo conjunto para plantar \u00e1rboles y mejorar el entorno.<\/p>\n<p>Se recomienda llevar pala, gorra y agua para mayor comodidad durante la actividad.<\/p>\n<p>\u00a1Te esperamos para seguir construyendo juntos un Camargo m\u00e1s verde!<\/p>\n","protected":false},"excerpt":{"rendered":"<p>El Gobierno Municipal de Camargo, a trav\u00e9s del Comit\u00e9 de Ecolog\u00eda, la Brigada de Desarrollo, la Direcci\u00f3n de Servicios Municipales y en colaboraci\u00f3n con la Fundaci\u00f3n Grupo M\u00e9xico, invita a la ciudadan\u00eda a participar en la Campa\u00f1a de Reforestaci\u00f3n que se llevar\u00e1 a cabo este s\u00e1bado 14 de junio a las 9:30 a.m. en los campos de la colonia Julio Zamarripa. Esta jornada tiene como objetivo fortalecer las \u00e1reas verdes de la zona y generar conciencia sobre el cuidado del medio ambiente. Invitamos a vecinos, familias, instituciones y colectivos a sumarse a este esfuerzo conjunto para plantar \u00e1rboles y mejorar el entorno. Se recomienda llevar pala, gorra y agua para mayor comodidad durante la actividad. \u00a1Te esperamos para seguir construyendo juntos un Camargo m\u00e1s verde!<\/p>\n","protected":false},"author":2,"featured_media":15629,"comment_status":"open","ping_status":"open","sticky":false,"template":"","format":"standard","meta":{"_monsterinsights_skip_tracking":false,"_monsterinsights_sitenote_active":false,"_monsterinsights_sitenote_note":"","_monsterinsights_sitenote_category":0,"advanced_seo_description":"","jetpack_seo_html_title":"","jetpack_seo_noindex":false,"_jetpack_memberships_contains_paid_content":false,"footnotes":"","jetpack_publicize_message":"","jetpack_publicize_feature_enabled":true,"jetpack_social_post_already_shared":true,"jetpack_social_options":{"image_generator_settings":{"template":"highway","enabled":false},"version":2}},"categories":[8,135,11],"tags":[],"class_list":["post-15628","post","type-post","status-publish","format-standard","has-post-thumbnail","hentry","category-estado","category-lo-mas-leido","category-principal"],"jetpack_publicize_connections":[],"jetpack_sharing_enabled":true,"jetpack_featured_media_url":"https:\/\/i0.wp.com\/alcierrenoticias.com\/wp-content\/uploads\/2025\/06\/WhatsApp-Image-2025-06-13-at-6.04.28-PM-e1749880376355.jpeg?fit=500%2C625&ssl=1","amp_enabled":true,"_links":{"self":[{"href":"https:\/\/alcierrenoticias.com\/index.php\/wp-json\/wp\/v2\/posts\/15628","targetHints":{"allow":["GET"]}}],"collection":[{"href":"https:\/\/alcierrenoticias.com\/index.php\/wp-json\/wp\/v2\/posts"}],"about":[{"href":"https:\/\/alcierrenoticias.com\/index.php\/wp-json\/wp\/v2\/types\/post"}],"author":[{"embeddable":true,"href":"https:\/\/alcierrenoticias.com\/index.php\/wp-json\/wp\/v2\/users\/2"}],"replies":[{"embeddable":true,"href":"https:\/\/alcierrenoticias.com\/index.php\/wp-json\/wp\/v2\/comments?post=15628"}],"version-history":[{"count":2,"href":"https:\/\/alcierrenoticias.com\/index.php\/wp-json\/wp\/v2\/posts\/15628\/revisions"}],"predecessor-version":[{"id":15631,"href":"https:\/\/alcierrenoticias.com\/index.php\/wp-json\/wp\/v2\/posts\/15628\/revisions\/15631"}],"wp:featuredmedia":[{"embeddable":true,"href":"https:\/\/alcierrenoticias.com\/index.php\/wp-json\/wp\/v2\/media\/15629"}],"wp:attachment":[{"href":"https:\/\/alcierrenoticias.com\/index.php\/wp-json\/wp\/v2\/media?parent=15628"}],"wp:term":[{"taxonomy":"category","embeddable":true,"href":"https:\/\/alcierrenoticias.com\/index.php\/wp-json\/wp\/v2\/categories?post=15628"},{"taxonomy":"post_tag","embeddable":true,"href":"https:\/\/alcierrenoticias.com\/index.php\/wp-json\/wp\/v2\/tags?post=15628"}],"curies":[{"name":"wp","href":"https:\/\/api.w.org\/{rel}","templated":true}]}}