{"id":15605,"date":"2025-06-13T13:02:15","date_gmt":"2025-06-13T19:02:15","guid":{"rendered":"https:\/\/alcierrenoticias.com\/?p=15605"},"modified":"2025-06-13T14:36:01","modified_gmt":"2025-06-13T20:36:01","slug":"hoy-en-meoqui-gran-callejoneada-con-las-candidatas-a-reina-de-la-feria-san-pedro-y-san-pablo","status":"publish","type":"post","link":"https:\/\/alcierrenoticias.com\/index.php\/2025\/06\/13\/hoy-en-meoqui-gran-callejoneada-con-las-candidatas-a-reina-de-la-feria-san-pedro-y-san-pablo\/","title":{"rendered":"Hoy en Meoqui gran Callejoneada con las candidatas a Reina de la Feria San Pedro y San Pablo."},"content":{"rendered":"<p>Iniciar\u00e1 en punto de las 7 de la tarde en la Presidencia Municipal<\/p>\n<p>En el marco de los festejos por el 316 aniversario de la fundaci\u00f3n del municipio de Meoqui, este viernes 13 de junio a partir de las 7 de la tarde, se llevar\u00e1 a cabo la tradicional callejoneada con las canditadas a Reina de la Feria San Pedro y San Pablo 2025, teniendo como punto de partida la Plaza Principal frente a Presidencia Municipal.<\/p>\n<p>\u201cLa invitaci\u00f3n es para que toda la comunidad nos acompa\u00f1e esta tarde en la callejoneada, una actividad que nos permite celebrar nuestra historia y fortalecer el sentido de identidad\u201d, expres\u00f3 Luis Vall\u00e9s, director del DIF Municipal quien a\u00f1adi\u00f3 que cada participante representar\u00e1 un color distintivo, por lo que se invita a la poblaci\u00f3n a unirse portando los colores correspondientes a su candidata favorita.<\/p>\n<p>\u201cQueremos que las familias se unan a esta celebraci\u00f3n, que salgan a disfrutar y a apoyar a sus candidatas. Es una fiesta para todos\u201d, concluy\u00f3 el director del DIF.<\/p>\n<p>La ciudadan\u00eda que quiera mostrar su apoyo hacia alguna de las candidatas podr\u00e1 hacerlo saber, portando una prenda con color alusivo quedando de la siguiente manera:<\/p>\n<p>Estefany &#8211; Rojo<br \/>\nAzucena &#8211; Azul<br \/>\nRegina &#8211; Rosa<br \/>\nJennifer &#8211; Morado<br \/>\nMariana &#8211; Verde<\/p>\n","protected":false},"excerpt":{"rendered":"<p>Iniciar\u00e1 en punto de las 7 de la tarde en la Presidencia Municipal En el marco de los festejos por el 316 aniversario de la fundaci\u00f3n del municipio de Meoqui, este viernes 13 de junio a partir de las 7 de la tarde, se llevar\u00e1 a cabo la tradicional callejoneada con las canditadas a Reina de la Feria San Pedro y San Pablo 2025, teniendo como punto de partida la Plaza Principal frente a Presidencia Municipal. \u201cLa invitaci\u00f3n es para que toda la comunidad nos acompa\u00f1e esta tarde en la callejoneada, una actividad que nos permite celebrar nuestra historia y fortalecer el sentido de identidad\u201d, expres\u00f3 Luis Vall\u00e9s, director del DIF Municipal quien a\u00f1adi\u00f3 que cada participante representar\u00e1 un color distintivo, por lo que se invita a la poblaci\u00f3n a unirse portando los colores correspondientes a su candidata favorita. \u201cQueremos que las familias se unan a esta celebraci\u00f3n, que salgan a disfrutar y a apoyar a sus candidatas. Es una fiesta para todos\u201d, concluy\u00f3 el director del DIF. La ciudadan\u00eda que quiera mostrar su apoyo hacia alguna de las candidatas podr\u00e1 hacerlo saber, portando una prenda con color alusivo quedando de la siguiente manera: Estefany &#8211; Rojo Azucena &#8211; Azul Regina &#8211; Rosa Jennifer &#8211; Morado Mariana &#8211; Verde<\/p>\n","protected":false},"author":2,"featured_media":15613,"comment_status":"open","ping_status":"open","sticky":false,"template":"","format":"standard","meta":{"_monsterinsights_skip_tracking":false,"_monsterinsights_sitenote_active":false,"_monsterinsights_sitenote_note":"","_monsterinsights_sitenote_category":0,"advanced_seo_description":"","jetpack_seo_html_title":"","jetpack_seo_noindex":false,"_jetpack_memberships_contains_paid_content":false,"footnotes":"","jetpack_publicize_message":"","jetpack_publicize_feature_enabled":true,"jetpack_social_post_already_shared":true,"jetpack_social_options":{"image_generator_settings":{"template":"highway","enabled":false},"version":2}},"categories":[135,7,11],"tags":[],"class_list":["post-15605","post","type-post","status-publish","format-standard","has-post-thumbnail","hentry","category-lo-mas-leido","category-local","category-principal"],"jetpack_publicize_connections":[],"jetpack_sharing_enabled":true,"jetpack_featured_media_url":"https:\/\/i0.wp.com\/alcierrenoticias.com\/wp-content\/uploads\/2025\/06\/WhatsApp-Image-2025-06-13-at-12.45.02-PM-e1749846887396.jpeg?fit=500%2C625&ssl=1","amp_enabled":true,"_links":{"self":[{"href":"https:\/\/alcierrenoticias.com\/index.php\/wp-json\/wp\/v2\/posts\/15605","targetHints":{"allow":["GET"]}}],"collection":[{"href":"https:\/\/alcierrenoticias.com\/index.php\/wp-json\/wp\/v2\/posts"}],"about":[{"href":"https:\/\/alcierrenoticias.com\/index.php\/wp-json\/wp\/v2\/types\/post"}],"author":[{"embeddable":true,"href":"https:\/\/alcierrenoticias.com\/index.php\/wp-json\/wp\/v2\/users\/2"}],"replies":[{"embeddable":true,"href":"https:\/\/alcierrenoticias.com\/index.php\/wp-json\/wp\/v2\/comments?post=15605"}],"version-history":[{"count":1,"href":"https:\/\/alcierrenoticias.com\/index.php\/wp-json\/wp\/v2\/posts\/15605\/revisions"}],"predecessor-version":[{"id":15607,"href":"https:\/\/alcierrenoticias.com\/index.php\/wp-json\/wp\/v2\/posts\/15605\/revisions\/15607"}],"wp:featuredmedia":[{"embeddable":true,"href":"https:\/\/alcierrenoticias.com\/index.php\/wp-json\/wp\/v2\/media\/15613"}],"wp:attachment":[{"href":"https:\/\/alcierrenoticias.com\/index.php\/wp-json\/wp\/v2\/media?parent=15605"}],"wp:term":[{"taxonomy":"category","embeddable":true,"href":"https:\/\/alcierrenoticias.com\/index.php\/wp-json\/wp\/v2\/categories?post=15605"},{"taxonomy":"post_tag","embeddable":true,"href":"https:\/\/alcierrenoticias.com\/index.php\/wp-json\/wp\/v2\/tags?post=15605"}],"curies":[{"name":"wp","href":"https:\/\/api.w.org\/{rel}","templated":true}]}}