{"id":15601,"date":"2025-06-13T11:30:55","date_gmt":"2025-06-13T17:30:55","guid":{"rendered":"https:\/\/alcierrenoticias.com\/?p=15601"},"modified":"2025-06-13T14:24:50","modified_gmt":"2025-06-13T20:24:50","slug":"gracias-al-programa-de-ocupacion-temporal-juntos-vamos-a-tener-un-camargo-mas-bonito-y-ordenado-jorge-aldana","status":"publish","type":"post","link":"https:\/\/alcierrenoticias.com\/index.php\/2025\/06\/13\/gracias-al-programa-de-ocupacion-temporal-juntos-vamos-a-tener-un-camargo-mas-bonito-y-ordenado-jorge-aldana\/","title":{"rendered":"Gracias al programa de ocupaci\u00f3n temporal, juntos vamos a tener un Camargo m\u00e1s bonito y ordenado: Jorge Aldana."},"content":{"rendered":"<p>Gracias al programa de ocupaci\u00f3n temporal, hemos avanzado con paso firme para lograr un Camargo m\u00e1s bonito, m\u00e1s limpio y m\u00e1s ordenado.<\/p>\n<p>En las \u00faltimas semanas, a trav\u00e9s de este programa hemos trabajado en la limpieza, mantenimiento y recuperaci\u00f3n de espacios p\u00fablicos en distintas colonias de nuestra ciudad, brindando adem\u00e1s una oportunidad de ingreso temporal a personas que lo necesitaban.<\/p>\n<p>Entre las acciones realizadas destacan la limpieza de plazas en colonias como Villas del Sol, Lomas del Florido, San Marcos, Tec Milenio y la plaza Julio Guevara. Tambi\u00e9n se intervino la plaza del Faro, la plaza Lucha Villa y la explanada de la Abraham Gonz\u00e1lez, donde se hizo limpieza general para mejorar su imagen y funcionalidad.<\/p>\n<p>En la colonia Ferrocarrilera, se realizaron trabajos de corte y limpieza en toda el \u00e1rea deportiva. Lo mismo hicimos en la plaza y canchas del Bicentenario, en el barrio del Cristo y en el panteonero municipal, que requer\u00eda atenci\u00f3n urgente.<\/p>\n<p>Adem\u00e1s, en la deportiva Luis Jaramillo no solo hicimos limpieza, sino tambi\u00e9n trabajos de pintura en las canchas, para que las familias y los deportistas disfruten de espacios dignos.<\/p>\n<p>Tambi\u00e9n se ha estado trabajando en la limpieza de avenidas principales, manteni\u00e9ndolas despejadas y en mejores condiciones para todos los camarguenses que las transitan a diario.<\/p>\n<p>Con estas acciones, estamos cumpliendo nuestro compromiso de mantener Camargo en mejores condiciones, apoyando a quienes m\u00e1s lo necesitan.<\/p>\n","protected":false},"excerpt":{"rendered":"<p>Gracias al programa de ocupaci\u00f3n temporal, hemos avanzado con paso firme para lograr un Camargo m\u00e1s bonito, m\u00e1s limpio y m\u00e1s ordenado. En las \u00faltimas semanas, a trav\u00e9s de este programa hemos trabajado en la limpieza, mantenimiento y recuperaci\u00f3n de espacios p\u00fablicos en distintas colonias de nuestra ciudad, brindando adem\u00e1s una oportunidad de ingreso temporal a personas que lo necesitaban. Entre las acciones realizadas destacan la limpieza de plazas en colonias como Villas del Sol, Lomas del Florido, San Marcos, Tec Milenio y la plaza Julio Guevara. Tambi\u00e9n se intervino la plaza del Faro, la plaza Lucha Villa y la explanada de la Abraham Gonz\u00e1lez, donde se hizo limpieza general para mejorar su imagen y funcionalidad. En la colonia Ferrocarrilera, se realizaron trabajos de corte y limpieza en toda el \u00e1rea deportiva. Lo mismo hicimos en la plaza y canchas del Bicentenario, en el barrio del Cristo y en el panteonero municipal, que requer\u00eda atenci\u00f3n urgente. Adem\u00e1s, en la deportiva Luis Jaramillo no solo hicimos limpieza, sino tambi\u00e9n trabajos de pintura en las canchas, para que las familias y los deportistas disfruten de espacios dignos. Tambi\u00e9n se ha estado trabajando en la limpieza de avenidas principales, manteni\u00e9ndolas despejadas y en mejores condiciones para todos los camarguenses que las transitan a diario. Con estas acciones, estamos cumpliendo nuestro compromiso de mantener Camargo en mejores condiciones, apoyando a quienes m\u00e1s lo necesitan.<\/p>\n","protected":false},"author":2,"featured_media":15602,"comment_status":"open","ping_status":"open","sticky":false,"template":"","format":"standard","meta":{"_monsterinsights_skip_tracking":false,"_monsterinsights_sitenote_active":false,"_monsterinsights_sitenote_note":"","_monsterinsights_sitenote_category":0,"advanced_seo_description":"","jetpack_seo_html_title":"","jetpack_seo_noindex":false,"_jetpack_memberships_contains_paid_content":false,"footnotes":"","jetpack_publicize_message":"","jetpack_publicize_feature_enabled":true,"jetpack_social_post_already_shared":true,"jetpack_social_options":{"image_generator_settings":{"template":"highway","enabled":false},"version":2}},"categories":[8,135,11],"tags":[],"class_list":["post-15601","post","type-post","status-publish","format-standard","has-post-thumbnail","hentry","category-estado","category-lo-mas-leido","category-principal"],"jetpack_publicize_connections":[],"jetpack_sharing_enabled":true,"jetpack_featured_media_url":"https:\/\/i0.wp.com\/alcierrenoticias.com\/wp-content\/uploads\/2025\/06\/WhatsApp-Image-2025-06-13-at-11.14.23-AM.jpeg?fit=1600%2C1066&ssl=1","amp_enabled":true,"_links":{"self":[{"href":"https:\/\/alcierrenoticias.com\/index.php\/wp-json\/wp\/v2\/posts\/15601","targetHints":{"allow":["GET"]}}],"collection":[{"href":"https:\/\/alcierrenoticias.com\/index.php\/wp-json\/wp\/v2\/posts"}],"about":[{"href":"https:\/\/alcierrenoticias.com\/index.php\/wp-json\/wp\/v2\/types\/post"}],"author":[{"embeddable":true,"href":"https:\/\/alcierrenoticias.com\/index.php\/wp-json\/wp\/v2\/users\/2"}],"replies":[{"embeddable":true,"href":"https:\/\/alcierrenoticias.com\/index.php\/wp-json\/wp\/v2\/comments?post=15601"}],"version-history":[{"count":2,"href":"https:\/\/alcierrenoticias.com\/index.php\/wp-json\/wp\/v2\/posts\/15601\/revisions"}],"predecessor-version":[{"id":15604,"href":"https:\/\/alcierrenoticias.com\/index.php\/wp-json\/wp\/v2\/posts\/15601\/revisions\/15604"}],"wp:featuredmedia":[{"embeddable":true,"href":"https:\/\/alcierrenoticias.com\/index.php\/wp-json\/wp\/v2\/media\/15602"}],"wp:attachment":[{"href":"https:\/\/alcierrenoticias.com\/index.php\/wp-json\/wp\/v2\/media?parent=15601"}],"wp:term":[{"taxonomy":"category","embeddable":true,"href":"https:\/\/alcierrenoticias.com\/index.php\/wp-json\/wp\/v2\/categories?post=15601"},{"taxonomy":"post_tag","embeddable":true,"href":"https:\/\/alcierrenoticias.com\/index.php\/wp-json\/wp\/v2\/tags?post=15601"}],"curies":[{"name":"wp","href":"https:\/\/api.w.org\/{rel}","templated":true}]}}