{"id":15590,"date":"2025-06-12T17:45:41","date_gmt":"2025-06-12T23:45:41","guid":{"rendered":"https:\/\/alcierrenoticias.com\/?p=15590"},"modified":"2025-06-13T13:59:41","modified_gmt":"2025-06-13T19:59:41","slug":"renuevan-miriam-soto-y-luchando-por-vivir-y-servir-a-c-convenio-de-colaboracion","status":"publish","type":"post","link":"https:\/\/alcierrenoticias.com\/index.php\/2025\/06\/12\/renuevan-miriam-soto-y-luchando-por-vivir-y-servir-a-c-convenio-de-colaboracion\/","title":{"rendered":"Renuevan Miriam Soto y Luchando Por Vivir y Servir A.C. convenio de colaboraci\u00f3n."},"content":{"rendered":"<p>\u201cMeoqui es adorable, trabajamos en conjunto para esta bella comunidad, tenemos esa preocupaci\u00f3n para tener un diagn\u00f3stico temprano de C\u00e1ncer\u201d: Maestra Susana Patricia Bonilla<\/p>\n<p>En Meoqui, la salud de las familias es el eje transversal de la administraci\u00f3n encabezada por la alcaldesa Miriam Soto, quien renov\u00f3 el convenio de colaboraci\u00f3n con la Asociaci\u00f3n Luchando Por Vivir y Servir, esto para seguir realizando acciones preventivas y continuar con el apoyo a personas diagnosticadas con c\u00e1ncer.<\/p>\n<p>\u201cSiempre es un gusto poder colaborar con quien tiene ese don de servicio y sobre todo pues una causa tan importante que es el apoyo y la prevenci\u00f3n a personas que est\u00e1n luchando con el c\u00e1ncer, pues absolutamente nadie estamos exento de poderlo padecer\u201d dijo la Arq. Miriam Soto, quien agreg\u00f3 se encuentra trabajando en los pr\u00f3ximos proyectos que llevar\u00e1 a cabo su gobierno y la asociaci\u00f3n civil para los meoquenses, destacando temas enfocados a la mujer.<\/p>\n<p>Por su parte, la maestra Susana Patricia Morales, presidenta de la asociaci\u00f3n Luchando por Vivir y Servir agradeci\u00f3 el respaldo de la alcaldesa Miriam Soto y enfatiz\u00f3 la importancia de la detecci\u00f3n temprana como herramienta fundamental para salvar vidas: \u201cMeoqui es adorable, trabajamos en conjunto para esta bella comunidad, tenemos esa preocupaci\u00f3n para tener un diagn\u00f3stico temprano de C\u00e1ncer, cuando trabajamos en conjunto logramos m\u00e1s. Este proyecto se extiende a toda la regi\u00f3n y refleja el compromiso de la comunidad con el cuidado de la salud\u201d, afirm\u00f3.<\/p>\n<p>Finamente, ambas coincidieron en la importancia de continuar impulsando proyectos conjuntos que impacten positivamente en la calidad de vida de la ciudadan\u00eda: \u201cContinuaremos con estas alianzas estrat\u00e9gicas que son de beneficio para las familias\u201d.<\/p>\n","protected":false},"excerpt":{"rendered":"<p>\u201cMeoqui es adorable, trabajamos en conjunto para esta bella comunidad, tenemos esa preocupaci\u00f3n para tener un diagn\u00f3stico temprano de C\u00e1ncer\u201d: Maestra Susana Patricia Bonilla En Meoqui, la salud de las familias es el eje transversal de la administraci\u00f3n encabezada por la alcaldesa Miriam Soto, quien renov\u00f3 el convenio de colaboraci\u00f3n con la Asociaci\u00f3n Luchando Por Vivir y Servir, esto para seguir realizando acciones preventivas y continuar con el apoyo a personas diagnosticadas con c\u00e1ncer. \u201cSiempre es un gusto poder colaborar con quien tiene ese don de servicio y sobre todo pues una causa tan importante que es el apoyo y la prevenci\u00f3n a personas que est\u00e1n luchando con el c\u00e1ncer, pues absolutamente nadie estamos exento de poderlo padecer\u201d dijo la Arq. Miriam Soto, quien agreg\u00f3 se encuentra trabajando en los pr\u00f3ximos proyectos que llevar\u00e1 a cabo su gobierno y la asociaci\u00f3n civil para los meoquenses, destacando temas enfocados a la mujer. Por su parte, la maestra Susana Patricia Morales, presidenta de la asociaci\u00f3n Luchando por Vivir y Servir agradeci\u00f3 el respaldo de la alcaldesa Miriam Soto y enfatiz\u00f3 la importancia de la detecci\u00f3n temprana como herramienta fundamental para salvar vidas: \u201cMeoqui es adorable, trabajamos en conjunto para esta bella comunidad, tenemos esa preocupaci\u00f3n para tener un diagn\u00f3stico temprano de C\u00e1ncer, cuando trabajamos en conjunto logramos m\u00e1s. Este proyecto se extiende a toda la regi\u00f3n y refleja el compromiso de la comunidad con el cuidado de la salud\u201d, afirm\u00f3. Finamente, ambas coincidieron en la importancia de continuar impulsando proyectos conjuntos que impacten positivamente en la calidad de vida de la ciudadan\u00eda: \u201cContinuaremos con estas alianzas estrat\u00e9gicas que son de beneficio para las familias\u201d.<\/p>\n","protected":false},"author":2,"featured_media":15593,"comment_status":"open","ping_status":"open","sticky":false,"template":"","format":"standard","meta":{"_monsterinsights_skip_tracking":false,"_monsterinsights_sitenote_active":false,"_monsterinsights_sitenote_note":"","_monsterinsights_sitenote_category":0,"advanced_seo_description":"","jetpack_seo_html_title":"","jetpack_seo_noindex":false,"_jetpack_memberships_contains_paid_content":false,"footnotes":"","jetpack_publicize_message":"","jetpack_publicize_feature_enabled":true,"jetpack_social_post_already_shared":true,"jetpack_social_options":{"image_generator_settings":{"template":"highway","enabled":false},"version":2}},"categories":[135,7,11],"tags":[],"class_list":["post-15590","post","type-post","status-publish","format-standard","has-post-thumbnail","hentry","category-lo-mas-leido","category-local","category-principal"],"jetpack_publicize_connections":[],"jetpack_sharing_enabled":true,"jetpack_featured_media_url":"https:\/\/i0.wp.com\/alcierrenoticias.com\/wp-content\/uploads\/2025\/06\/WhatsApp-Image-2025-06-12-at-5.40.09-PM.jpeg?fit=1280%2C853&ssl=1","amp_enabled":true,"_links":{"self":[{"href":"https:\/\/alcierrenoticias.com\/index.php\/wp-json\/wp\/v2\/posts\/15590","targetHints":{"allow":["GET"]}}],"collection":[{"href":"https:\/\/alcierrenoticias.com\/index.php\/wp-json\/wp\/v2\/posts"}],"about":[{"href":"https:\/\/alcierrenoticias.com\/index.php\/wp-json\/wp\/v2\/types\/post"}],"author":[{"embeddable":true,"href":"https:\/\/alcierrenoticias.com\/index.php\/wp-json\/wp\/v2\/users\/2"}],"replies":[{"embeddable":true,"href":"https:\/\/alcierrenoticias.com\/index.php\/wp-json\/wp\/v2\/comments?post=15590"}],"version-history":[{"count":1,"href":"https:\/\/alcierrenoticias.com\/index.php\/wp-json\/wp\/v2\/posts\/15590\/revisions"}],"predecessor-version":[{"id":15591,"href":"https:\/\/alcierrenoticias.com\/index.php\/wp-json\/wp\/v2\/posts\/15590\/revisions\/15591"}],"wp:featuredmedia":[{"embeddable":true,"href":"https:\/\/alcierrenoticias.com\/index.php\/wp-json\/wp\/v2\/media\/15593"}],"wp:attachment":[{"href":"https:\/\/alcierrenoticias.com\/index.php\/wp-json\/wp\/v2\/media?parent=15590"}],"wp:term":[{"taxonomy":"category","embeddable":true,"href":"https:\/\/alcierrenoticias.com\/index.php\/wp-json\/wp\/v2\/categories?post=15590"},{"taxonomy":"post_tag","embeddable":true,"href":"https:\/\/alcierrenoticias.com\/index.php\/wp-json\/wp\/v2\/tags?post=15590"}],"curies":[{"name":"wp","href":"https:\/\/api.w.org\/{rel}","templated":true}]}}