{"id":15583,"date":"2025-06-12T14:05:03","date_gmt":"2025-06-12T20:05:03","guid":{"rendered":"https:\/\/alcierrenoticias.com\/?p=15583"},"modified":"2025-06-13T13:43:31","modified_gmt":"2025-06-13T19:43:31","slug":"anuncian-pavimentacion-en-avenida-fernando-baeza-cerraran-carril-por-cinco-dias","status":"publish","type":"post","link":"https:\/\/alcierrenoticias.com\/index.php\/2025\/06\/12\/anuncian-pavimentacion-en-avenida-fernando-baeza-cerraran-carril-por-cinco-dias\/","title":{"rendered":"Anuncian pavimentaci\u00f3n en avenida Fernando Baeza; cerrar\u00e1n carril por cinco d\u00edas."},"content":{"rendered":"<p>A partir del pr\u00f3ximo lunes, ser\u00e1 cerrado un tramo de la avenida Fernando Baeza en sentido de poniente a oriente, debido a los trabajos de pavimentaci\u00f3n que iniciar\u00e1n gracias a las gestiones del presidente municipal Jes\u00fas Valenciano Garc\u00eda. As\u00ed lo inform\u00f3 el encargado de despacho, el regidor Mario Alberto Mata Lic\u00f3n, quien exhort\u00f3 a la ciudadan\u00eda a tomar precauciones ante esta intervenci\u00f3n vial.<\/p>\n<p>El cierre comprender\u00e1 desde la avenida R\u00edo Chuv\u00edscar, a la altura de Alsuper hasta la avenida D\u00e9cima Sur, una de las vialidades m\u00e1s transitadas en sentido \u00fanico. Se prev\u00e9 que los trabajos se extiendan tentativamente por un lapso de cinco d\u00edas, siempre y cuando las condiciones del clima lo permitan.<\/p>\n<p>\u201cEstamos hablando de una de las arterias principales de Delicias, por lo que agradecemos la comprensi\u00f3n de los automovilistas. Esta obra representa una mejora sustancial en la conectividad y movilidad urbana\u201d, destac\u00f3 Mata Lic\u00f3n, quien adem\u00e1s agradeci\u00f3 a Alfonso Rodr\u00edguez director de Obras P\u00fablicas por agilizar los trabajos, as\u00ed como el respaldo de la gobernadora Maru Campos.<\/p>\n<p>Para reducir afectaciones, el personal de Vialidad ya se encuentra coordinando rutas alternas por ejemplo, por la avenida R\u00edo Chuv\u00edscar. El comandante Erick Rodr\u00edguez, titular Vialidad, acompa\u00f1\u00f3 al equipo durante la supervisi\u00f3n previa y estar\u00e1 al pendiente para orientar a los conductores durante el tiempo que dure el cierre.<\/p>\n<p>El Gobierno Municipal reiter\u00f3 su compromiso de seguir transformando la infraestructura vial de Delicias con obras de calidad que impacten positivamente a miles de ciudadanos.<\/p>\n","protected":false},"excerpt":{"rendered":"<p>A partir del pr\u00f3ximo lunes, ser\u00e1 cerrado un tramo de la avenida Fernando Baeza en sentido de poniente a oriente, debido a los trabajos de pavimentaci\u00f3n que iniciar\u00e1n gracias a las gestiones del presidente municipal Jes\u00fas Valenciano Garc\u00eda. As\u00ed lo inform\u00f3 el encargado de despacho, el regidor Mario Alberto Mata Lic\u00f3n, quien exhort\u00f3 a la ciudadan\u00eda a tomar precauciones ante esta intervenci\u00f3n vial. El cierre comprender\u00e1 desde la avenida R\u00edo Chuv\u00edscar, a la altura de Alsuper hasta la avenida D\u00e9cima Sur, una de las vialidades m\u00e1s transitadas en sentido \u00fanico. Se prev\u00e9 que los trabajos se extiendan tentativamente por un lapso de cinco d\u00edas, siempre y cuando las condiciones del clima lo permitan. \u201cEstamos hablando de una de las arterias principales de Delicias, por lo que agradecemos la comprensi\u00f3n de los automovilistas. Esta obra representa una mejora sustancial en la conectividad y movilidad urbana\u201d, destac\u00f3 Mata Lic\u00f3n, quien adem\u00e1s agradeci\u00f3 a Alfonso Rodr\u00edguez director de Obras P\u00fablicas por agilizar los trabajos, as\u00ed como el respaldo de la gobernadora Maru Campos. Para reducir afectaciones, el personal de Vialidad ya se encuentra coordinando rutas alternas por ejemplo, por la avenida R\u00edo Chuv\u00edscar. El comandante Erick Rodr\u00edguez, titular Vialidad, acompa\u00f1\u00f3 al equipo durante la supervisi\u00f3n previa y estar\u00e1 al pendiente para orientar a los conductores durante el tiempo que dure el cierre. El Gobierno Municipal reiter\u00f3 su compromiso de seguir transformando la infraestructura vial de Delicias con obras de calidad que impacten positivamente a miles de ciudadanos.<\/p>\n","protected":false},"author":2,"featured_media":15584,"comment_status":"open","ping_status":"open","sticky":false,"template":"","format":"standard","meta":{"_monsterinsights_skip_tracking":false,"_monsterinsights_sitenote_active":false,"_monsterinsights_sitenote_note":"","_monsterinsights_sitenote_category":0,"advanced_seo_description":"","jetpack_seo_html_title":"","jetpack_seo_noindex":false,"_jetpack_memberships_contains_paid_content":false,"footnotes":"","jetpack_publicize_message":"","jetpack_publicize_feature_enabled":true,"jetpack_social_post_already_shared":true,"jetpack_social_options":{"image_generator_settings":{"template":"highway","enabled":false},"version":2}},"categories":[135,7,11],"tags":[],"class_list":["post-15583","post","type-post","status-publish","format-standard","has-post-thumbnail","hentry","category-lo-mas-leido","category-local","category-principal"],"jetpack_publicize_connections":[],"jetpack_sharing_enabled":true,"jetpack_featured_media_url":"https:\/\/i0.wp.com\/alcierrenoticias.com\/wp-content\/uploads\/2025\/06\/WhatsApp-Image-2025-06-12-at-1.59.17-PM.jpeg?fit=2400%2C1450&ssl=1","amp_enabled":true,"_links":{"self":[{"href":"https:\/\/alcierrenoticias.com\/index.php\/wp-json\/wp\/v2\/posts\/15583","targetHints":{"allow":["GET"]}}],"collection":[{"href":"https:\/\/alcierrenoticias.com\/index.php\/wp-json\/wp\/v2\/posts"}],"about":[{"href":"https:\/\/alcierrenoticias.com\/index.php\/wp-json\/wp\/v2\/types\/post"}],"author":[{"embeddable":true,"href":"https:\/\/alcierrenoticias.com\/index.php\/wp-json\/wp\/v2\/users\/2"}],"replies":[{"embeddable":true,"href":"https:\/\/alcierrenoticias.com\/index.php\/wp-json\/wp\/v2\/comments?post=15583"}],"version-history":[{"count":1,"href":"https:\/\/alcierrenoticias.com\/index.php\/wp-json\/wp\/v2\/posts\/15583\/revisions"}],"predecessor-version":[{"id":15585,"href":"https:\/\/alcierrenoticias.com\/index.php\/wp-json\/wp\/v2\/posts\/15583\/revisions\/15585"}],"wp:featuredmedia":[{"embeddable":true,"href":"https:\/\/alcierrenoticias.com\/index.php\/wp-json\/wp\/v2\/media\/15584"}],"wp:attachment":[{"href":"https:\/\/alcierrenoticias.com\/index.php\/wp-json\/wp\/v2\/media?parent=15583"}],"wp:term":[{"taxonomy":"category","embeddable":true,"href":"https:\/\/alcierrenoticias.com\/index.php\/wp-json\/wp\/v2\/categories?post=15583"},{"taxonomy":"post_tag","embeddable":true,"href":"https:\/\/alcierrenoticias.com\/index.php\/wp-json\/wp\/v2\/tags?post=15583"}],"curies":[{"name":"wp","href":"https:\/\/api.w.org\/{rel}","templated":true}]}}