{"id":15572,"date":"2025-06-12T11:57:47","date_gmt":"2025-06-12T17:57:47","guid":{"rendered":"https:\/\/alcierrenoticias.com\/?p=15572"},"modified":"2025-06-13T13:23:37","modified_gmt":"2025-06-13T19:23:37","slug":"gobierno-y-dif-municipal-lanzan-dinamica-para-celebrar-el-dia-del-padre-en-camargo","status":"publish","type":"post","link":"https:\/\/alcierrenoticias.com\/index.php\/2025\/06\/12\/gobierno-y-dif-municipal-lanzan-dinamica-para-celebrar-el-dia-del-padre-en-camargo\/","title":{"rendered":"Gobierno y DIF Municipal lanzan din\u00e1mica para celebrar el D\u00eda del Padre en Camargo."},"content":{"rendered":"<p>El Gobierno Municipal, a trav\u00e9s del DIF Camargo, invita a todos los pap\u00e1s del municipio a participar en una din\u00e1mica especial con motivo del D\u00eda del Padre, con la finalidad de reconocer su esfuerzo, compromiso y amor incondicional.<\/p>\n<p>Como parte de esta celebraci\u00f3n, se llevar\u00e1 a cabo una rifa de regalos en la que podr\u00e1n participar todos los pap\u00e1s camarguenses. Para hacerlo, \u00fanicamente deber\u00e1n inscribirse directamente en las oficinas del DIF Municipal. La inscripci\u00f3n es gratuita y estar\u00e1 abierta hasta el viernes 13 de junio.<\/p>\n<p>El sorteo se realizar\u00e1 de manera digital el pr\u00f3ximo lunes 16 de junio, y ser\u00e1 transmitido en vivo a trav\u00e9s de la p\u00e1gina oficial de Facebook del DIF Camargo, por lo que se invita a las familias a estar muy pendientes de la transmisi\u00f3n.<\/p>\n<p>Con estas acciones, el Gobierno Municipal y el DIF refrendan su compromiso de seguir promoviendo los valores familiares y de reconocer a quienes d\u00eda con d\u00eda construyen un mejor futuro desde el hogar.Gobierno y DIF Municipal lanzan din\u00e1mica para celebrar el D\u00eda del Padre en Camargo<\/p>\n<p>El Gobierno Municipal, a trav\u00e9s del DIF Camargo, invita a todos los pap\u00e1s del municipio a participar en una din\u00e1mica especial con motivo del D\u00eda del Padre, con la finalidad de reconocer su esfuerzo, compromiso y amor incondicional.<\/p>\n<p>Como parte de esta celebraci\u00f3n, se llevar\u00e1 a cabo una rifa de regalos en la que podr\u00e1n participar todos los pap\u00e1s camarguenses. Para hacerlo, \u00fanicamente deber\u00e1n inscribirse directamente en las oficinas del DIF Municipal. La inscripci\u00f3n es gratuita y estar\u00e1 abierta hasta el viernes 13 de junio.<\/p>\n<p>El sorteo se realizar\u00e1 de manera digital el pr\u00f3ximo lunes 16 de junio, y ser\u00e1 transmitido en vivo a trav\u00e9s de la p\u00e1gina oficial de Facebook del DIF Camargo, por lo que se invita a las familias a estar muy pendientes de la transmisi\u00f3n.<\/p>\n<p>Con estas acciones, el Gobierno Municipal y el DIF refrendan su compromiso de seguir promoviendo los valores familiares y de reconocer a quienes d\u00eda con d\u00eda construyen un mejor futuro desde el hogar.<\/p>\n","protected":false},"excerpt":{"rendered":"<p>El Gobierno Municipal, a trav\u00e9s del DIF Camargo, invita a todos los pap\u00e1s del municipio a participar en una din\u00e1mica especial con motivo del D\u00eda del Padre, con la finalidad de reconocer su esfuerzo, compromiso y amor incondicional. Como parte de esta celebraci\u00f3n, se llevar\u00e1 a cabo una rifa de regalos en la que podr\u00e1n participar todos los pap\u00e1s camarguenses. Para hacerlo, \u00fanicamente deber\u00e1n inscribirse directamente en las oficinas del DIF Municipal. La inscripci\u00f3n es gratuita y estar\u00e1 abierta hasta el viernes 13 de junio. El sorteo se realizar\u00e1 de manera digital el pr\u00f3ximo lunes 16 de junio, y ser\u00e1 transmitido en vivo a trav\u00e9s de la p\u00e1gina oficial de Facebook del DIF Camargo, por lo que se invita a las familias a estar muy pendientes de la transmisi\u00f3n. Con estas acciones, el Gobierno Municipal y el DIF refrendan su compromiso de seguir promoviendo los valores familiares y de reconocer a quienes d\u00eda con d\u00eda construyen un mejor futuro desde el hogar.Gobierno y DIF Municipal lanzan din\u00e1mica para celebrar el D\u00eda del Padre en Camargo El Gobierno Municipal, a trav\u00e9s del DIF Camargo, invita a todos los pap\u00e1s del municipio a participar en una din\u00e1mica especial con motivo del D\u00eda del Padre, con la finalidad de reconocer su esfuerzo, compromiso y amor incondicional. Como parte de esta celebraci\u00f3n, se llevar\u00e1 a cabo una rifa de regalos en la que podr\u00e1n participar todos los pap\u00e1s camarguenses. Para hacerlo, \u00fanicamente deber\u00e1n inscribirse directamente en las oficinas del DIF Municipal. La inscripci\u00f3n es gratuita y estar\u00e1 abierta hasta el viernes 13 de junio. El sorteo se realizar\u00e1 de manera digital el pr\u00f3ximo lunes 16 de junio, y ser\u00e1 transmitido en vivo a trav\u00e9s de la p\u00e1gina oficial de Facebook del DIF Camargo, por lo que se invita a las familias a estar muy pendientes de la transmisi\u00f3n. Con estas acciones, el Gobierno Municipal y el DIF refrendan su compromiso de seguir promoviendo los valores familiares y de reconocer a quienes d\u00eda con d\u00eda construyen un mejor futuro desde el hogar.<\/p>\n","protected":false},"author":2,"featured_media":15576,"comment_status":"open","ping_status":"open","sticky":false,"template":"","format":"standard","meta":{"_monsterinsights_skip_tracking":false,"_monsterinsights_sitenote_active":false,"_monsterinsights_sitenote_note":"","_monsterinsights_sitenote_category":0,"advanced_seo_description":"","jetpack_seo_html_title":"","jetpack_seo_noindex":false,"_jetpack_memberships_contains_paid_content":false,"footnotes":"","jetpack_publicize_message":"","jetpack_publicize_feature_enabled":true,"jetpack_social_post_already_shared":true,"jetpack_social_options":{"image_generator_settings":{"template":"highway","enabled":false},"version":2}},"categories":[8,135,11],"tags":[],"class_list":["post-15572","post","type-post","status-publish","format-standard","has-post-thumbnail","hentry","category-estado","category-lo-mas-leido","category-principal"],"jetpack_publicize_connections":[],"jetpack_sharing_enabled":true,"jetpack_featured_media_url":"https:\/\/i0.wp.com\/alcierrenoticias.com\/wp-content\/uploads\/2025\/06\/WhatsApp-Image-2025-06-12-at-11.35.45-AM-2-e1749842587474.jpeg?fit=400%2C500&ssl=1","amp_enabled":true,"_links":{"self":[{"href":"https:\/\/alcierrenoticias.com\/index.php\/wp-json\/wp\/v2\/posts\/15572","targetHints":{"allow":["GET"]}}],"collection":[{"href":"https:\/\/alcierrenoticias.com\/index.php\/wp-json\/wp\/v2\/posts"}],"about":[{"href":"https:\/\/alcierrenoticias.com\/index.php\/wp-json\/wp\/v2\/types\/post"}],"author":[{"embeddable":true,"href":"https:\/\/alcierrenoticias.com\/index.php\/wp-json\/wp\/v2\/users\/2"}],"replies":[{"embeddable":true,"href":"https:\/\/alcierrenoticias.com\/index.php\/wp-json\/wp\/v2\/comments?post=15572"}],"version-history":[{"count":2,"href":"https:\/\/alcierrenoticias.com\/index.php\/wp-json\/wp\/v2\/posts\/15572\/revisions"}],"predecessor-version":[{"id":15577,"href":"https:\/\/alcierrenoticias.com\/index.php\/wp-json\/wp\/v2\/posts\/15572\/revisions\/15577"}],"wp:featuredmedia":[{"embeddable":true,"href":"https:\/\/alcierrenoticias.com\/index.php\/wp-json\/wp\/v2\/media\/15576"}],"wp:attachment":[{"href":"https:\/\/alcierrenoticias.com\/index.php\/wp-json\/wp\/v2\/media?parent=15572"}],"wp:term":[{"taxonomy":"category","embeddable":true,"href":"https:\/\/alcierrenoticias.com\/index.php\/wp-json\/wp\/v2\/categories?post=15572"},{"taxonomy":"post_tag","embeddable":true,"href":"https:\/\/alcierrenoticias.com\/index.php\/wp-json\/wp\/v2\/tags?post=15572"}],"curies":[{"name":"wp","href":"https:\/\/api.w.org\/{rel}","templated":true}]}}