{"id":15568,"date":"2025-06-12T11:55:09","date_gmt":"2025-06-12T17:55:09","guid":{"rendered":"https:\/\/alcierrenoticias.com\/?p=15568"},"modified":"2025-06-13T13:16:26","modified_gmt":"2025-06-13T19:16:26","slug":"supervisa-jorge-aldana-trabajos-de-limpieza-y-reforestacion-en-la-avenida-gonzalez-ortega","status":"publish","type":"post","link":"https:\/\/alcierrenoticias.com\/index.php\/2025\/06\/12\/supervisa-jorge-aldana-trabajos-de-limpieza-y-reforestacion-en-la-avenida-gonzalez-ortega\/","title":{"rendered":"Supervisa Jorge Aldana trabajos de limpieza y reforestaci\u00f3n en la avenida Gonz\u00e1lez Ortega."},"content":{"rendered":"<p>Como parte del seguimiento al programa de Ocupaci\u00f3n Temporal, el presidente municipal Jorge Aldana visit\u00f3 a los trabajadores que se encontraban realizando labores de limpieza y reforestaci\u00f3n en los camellones de la avenida Gonz\u00e1lez Ortega.<\/p>\n<p>Durante el recorrido, el alcalde salud\u00f3 personalmente a los beneficiarios, reconoci\u00f3 su esfuerzo y reiter\u00f3 el compromiso de seguir generando oportunidades laborales dignas para quienes m\u00e1s lo necesitan. Aprovech\u00f3 la ocasi\u00f3n para llevarles agua y convivir un momento con ellos, incluso comprando nieve a un vendedor local para compartirla con el grupo.<\/p>\n<p>\u201cEste programa no solo genera empleo temporal, tambi\u00e9n mejora nuestros espacios p\u00fablicos. Gracias a su trabajo, nuestra ciudad se ve m\u00e1s bonita\u201d, expres\u00f3 el alcalde.<\/p>\n<p>La iniciativa de Ocupaci\u00f3n Temporal ha permitido apoyar a decenas de camarguenses, integr\u00e1ndolos a tareas que benefician directamente la imagen urbana y el entorno ecol\u00f3gico del municipio.<\/p>\n","protected":false},"excerpt":{"rendered":"<p>Como parte del seguimiento al programa de Ocupaci\u00f3n Temporal, el presidente municipal Jorge Aldana visit\u00f3 a los trabajadores que se encontraban realizando labores de limpieza y reforestaci\u00f3n en los camellones de la avenida Gonz\u00e1lez Ortega. Durante el recorrido, el alcalde salud\u00f3 personalmente a los beneficiarios, reconoci\u00f3 su esfuerzo y reiter\u00f3 el compromiso de seguir generando oportunidades laborales dignas para quienes m\u00e1s lo necesitan. Aprovech\u00f3 la ocasi\u00f3n para llevarles agua y convivir un momento con ellos, incluso comprando nieve a un vendedor local para compartirla con el grupo. \u201cEste programa no solo genera empleo temporal, tambi\u00e9n mejora nuestros espacios p\u00fablicos. Gracias a su trabajo, nuestra ciudad se ve m\u00e1s bonita\u201d, expres\u00f3 el alcalde. La iniciativa de Ocupaci\u00f3n Temporal ha permitido apoyar a decenas de camarguenses, integr\u00e1ndolos a tareas que benefician directamente la imagen urbana y el entorno ecol\u00f3gico del municipio.<\/p>\n","protected":false},"author":2,"featured_media":15569,"comment_status":"open","ping_status":"open","sticky":false,"template":"","format":"standard","meta":{"_monsterinsights_skip_tracking":false,"_monsterinsights_sitenote_active":false,"_monsterinsights_sitenote_note":"","_monsterinsights_sitenote_category":0,"advanced_seo_description":"","jetpack_seo_html_title":"","jetpack_seo_noindex":false,"_jetpack_memberships_contains_paid_content":false,"footnotes":"","jetpack_publicize_message":"","jetpack_publicize_feature_enabled":true,"jetpack_social_post_already_shared":true,"jetpack_social_options":{"image_generator_settings":{"template":"highway","enabled":false},"version":2}},"categories":[8,135,11],"tags":[],"class_list":["post-15568","post","type-post","status-publish","format-standard","has-post-thumbnail","hentry","category-estado","category-lo-mas-leido","category-principal"],"jetpack_publicize_connections":[],"jetpack_sharing_enabled":true,"jetpack_featured_media_url":"https:\/\/i0.wp.com\/alcierrenoticias.com\/wp-content\/uploads\/2025\/06\/WhatsApp-Image-2025-06-12-at-11.35.45-AM-1.jpeg?fit=1600%2C1066&ssl=1","amp_enabled":true,"_links":{"self":[{"href":"https:\/\/alcierrenoticias.com\/index.php\/wp-json\/wp\/v2\/posts\/15568","targetHints":{"allow":["GET"]}}],"collection":[{"href":"https:\/\/alcierrenoticias.com\/index.php\/wp-json\/wp\/v2\/posts"}],"about":[{"href":"https:\/\/alcierrenoticias.com\/index.php\/wp-json\/wp\/v2\/types\/post"}],"author":[{"embeddable":true,"href":"https:\/\/alcierrenoticias.com\/index.php\/wp-json\/wp\/v2\/users\/2"}],"replies":[{"embeddable":true,"href":"https:\/\/alcierrenoticias.com\/index.php\/wp-json\/wp\/v2\/comments?post=15568"}],"version-history":[{"count":2,"href":"https:\/\/alcierrenoticias.com\/index.php\/wp-json\/wp\/v2\/posts\/15568\/revisions"}],"predecessor-version":[{"id":15571,"href":"https:\/\/alcierrenoticias.com\/index.php\/wp-json\/wp\/v2\/posts\/15568\/revisions\/15571"}],"wp:featuredmedia":[{"embeddable":true,"href":"https:\/\/alcierrenoticias.com\/index.php\/wp-json\/wp\/v2\/media\/15569"}],"wp:attachment":[{"href":"https:\/\/alcierrenoticias.com\/index.php\/wp-json\/wp\/v2\/media?parent=15568"}],"wp:term":[{"taxonomy":"category","embeddable":true,"href":"https:\/\/alcierrenoticias.com\/index.php\/wp-json\/wp\/v2\/categories?post=15568"},{"taxonomy":"post_tag","embeddable":true,"href":"https:\/\/alcierrenoticias.com\/index.php\/wp-json\/wp\/v2\/tags?post=15568"}],"curies":[{"name":"wp","href":"https:\/\/api.w.org\/{rel}","templated":true}]}}