{"id":15554,"date":"2025-06-11T16:20:49","date_gmt":"2025-06-11T22:20:49","guid":{"rendered":"https:\/\/alcierrenoticias.com\/?p=15554"},"modified":"2025-06-12T00:08:29","modified_gmt":"2025-06-12T06:08:29","slug":"jorge-aldana-reconoce-a-beneficiarios-del-programa-de-empleo-temporal-limpian-deportiva-en-lomas-del-florido","status":"publish","type":"post","link":"https:\/\/alcierrenoticias.com\/index.php\/2025\/06\/11\/jorge-aldana-reconoce-a-beneficiarios-del-programa-de-empleo-temporal-limpian-deportiva-en-lomas-del-florido\/","title":{"rendered":"Jorge Aldana reconoce a beneficiarios del Programa de Empleo Temporal, limpian deportiva en Lomas del Florido."},"content":{"rendered":"<p>El alcalde Jorge Aldana visit\u00f3 este martes a las y los beneficiarios del Programa de Empleo Temporal que actualmente realizan labores de limpieza en la colonia Lomas del Florido, espec\u00edficamente en el \u00e1rea de la plaza y la deportiva de este sector.<\/p>\n<p>Durante su recorrido, el presidente municipal dialog\u00f3 con las personas participantes, reconociendo su esfuerzo y compromiso por mantener en buenas condiciones los espacios p\u00fablicos. Como muestra de apoyo, el alcalde llev\u00f3 agua para el personal, contribuyendo as\u00ed a que las jornadas de trabajo se realicen de manera segura ante las altas temperaturas.<\/p>\n<p>Aldana destac\u00f3 que este tipo de programas no solo brindan un ingreso temporal a quienes m\u00e1s lo necesitan, sino que tambi\u00e9n generan un impacto positivo en el entorno urbano, beneficiando a las familias que hacen uso de estas \u00e1reas recreativas.<\/p>\n<p>\u201cNos da gusto ver c\u00f3mo el esfuerzo conjunto entre el gobierno y la ciudadan\u00eda se traduce en acciones concretas. Seguiremos impulsando este tipo de programas en diferentes colonias del municipio\u201d, expres\u00f3 el edil.<\/p>\n<p>El Gobierno Municipal reafirma su compromiso de seguir trabajando de la mano con la gente, fortaleciendo las estrategias que promuevan el empleo, el bienestar y el mejoramiento de los espacios p\u00fablicos.<\/p>\n","protected":false},"excerpt":{"rendered":"<p>El alcalde Jorge Aldana visit\u00f3 este martes a las y los beneficiarios del Programa de Empleo Temporal que actualmente realizan labores de limpieza en la colonia Lomas del Florido, espec\u00edficamente en el \u00e1rea de la plaza y la deportiva de este sector. Durante su recorrido, el presidente municipal dialog\u00f3 con las personas participantes, reconociendo su esfuerzo y compromiso por mantener en buenas condiciones los espacios p\u00fablicos. Como muestra de apoyo, el alcalde llev\u00f3 agua para el personal, contribuyendo as\u00ed a que las jornadas de trabajo se realicen de manera segura ante las altas temperaturas. Aldana destac\u00f3 que este tipo de programas no solo brindan un ingreso temporal a quienes m\u00e1s lo necesitan, sino que tambi\u00e9n generan un impacto positivo en el entorno urbano, beneficiando a las familias que hacen uso de estas \u00e1reas recreativas. \u201cNos da gusto ver c\u00f3mo el esfuerzo conjunto entre el gobierno y la ciudadan\u00eda se traduce en acciones concretas. Seguiremos impulsando este tipo de programas en diferentes colonias del municipio\u201d, expres\u00f3 el edil. El Gobierno Municipal reafirma su compromiso de seguir trabajando de la mano con la gente, fortaleciendo las estrategias que promuevan el empleo, el bienestar y el mejoramiento de los espacios p\u00fablicos.<\/p>\n","protected":false},"author":2,"featured_media":15555,"comment_status":"open","ping_status":"open","sticky":false,"template":"","format":"standard","meta":{"_monsterinsights_skip_tracking":false,"_monsterinsights_sitenote_active":false,"_monsterinsights_sitenote_note":"","_monsterinsights_sitenote_category":0,"advanced_seo_description":"","jetpack_seo_html_title":"","jetpack_seo_noindex":false,"_jetpack_memberships_contains_paid_content":false,"footnotes":"","jetpack_publicize_message":"","jetpack_publicize_feature_enabled":true,"jetpack_social_post_already_shared":true,"jetpack_social_options":{"image_generator_settings":{"template":"highway","enabled":false},"version":2}},"categories":[8,135,11],"tags":[],"class_list":["post-15554","post","type-post","status-publish","format-standard","has-post-thumbnail","hentry","category-estado","category-lo-mas-leido","category-principal"],"jetpack_publicize_connections":[],"jetpack_sharing_enabled":true,"jetpack_featured_media_url":"https:\/\/i0.wp.com\/alcierrenoticias.com\/wp-content\/uploads\/2025\/06\/WhatsApp-Image-2025-06-11-at-4.14.53-PM.jpeg?fit=1600%2C1066&ssl=1","amp_enabled":true,"_links":{"self":[{"href":"https:\/\/alcierrenoticias.com\/index.php\/wp-json\/wp\/v2\/posts\/15554","targetHints":{"allow":["GET"]}}],"collection":[{"href":"https:\/\/alcierrenoticias.com\/index.php\/wp-json\/wp\/v2\/posts"}],"about":[{"href":"https:\/\/alcierrenoticias.com\/index.php\/wp-json\/wp\/v2\/types\/post"}],"author":[{"embeddable":true,"href":"https:\/\/alcierrenoticias.com\/index.php\/wp-json\/wp\/v2\/users\/2"}],"replies":[{"embeddable":true,"href":"https:\/\/alcierrenoticias.com\/index.php\/wp-json\/wp\/v2\/comments?post=15554"}],"version-history":[{"count":1,"href":"https:\/\/alcierrenoticias.com\/index.php\/wp-json\/wp\/v2\/posts\/15554\/revisions"}],"predecessor-version":[{"id":15556,"href":"https:\/\/alcierrenoticias.com\/index.php\/wp-json\/wp\/v2\/posts\/15554\/revisions\/15556"}],"wp:featuredmedia":[{"embeddable":true,"href":"https:\/\/alcierrenoticias.com\/index.php\/wp-json\/wp\/v2\/media\/15555"}],"wp:attachment":[{"href":"https:\/\/alcierrenoticias.com\/index.php\/wp-json\/wp\/v2\/media?parent=15554"}],"wp:term":[{"taxonomy":"category","embeddable":true,"href":"https:\/\/alcierrenoticias.com\/index.php\/wp-json\/wp\/v2\/categories?post=15554"},{"taxonomy":"post_tag","embeddable":true,"href":"https:\/\/alcierrenoticias.com\/index.php\/wp-json\/wp\/v2\/tags?post=15554"}],"curies":[{"name":"wp","href":"https:\/\/api.w.org\/{rel}","templated":true}]}}