{"id":15550,"date":"2025-06-11T15:40:17","date_gmt":"2025-06-11T21:40:17","guid":{"rendered":"https:\/\/alcierrenoticias.com\/?p=15550"},"modified":"2025-06-12T00:06:31","modified_gmt":"2025-06-12T06:06:31","slug":"atienden-miriam-soto-y-su-gabinete-a-mas-de-120-meoquenses-en-el-miercoles-con-tu-alcaldesa","status":"publish","type":"post","link":"https:\/\/alcierrenoticias.com\/index.php\/2025\/06\/11\/atienden-miriam-soto-y-su-gabinete-a-mas-de-120-meoquenses-en-el-miercoles-con-tu-alcaldesa\/","title":{"rendered":"Atienden Miriam Soto y su gabinete a m\u00e1s de 120 meoquenses en el \u201cMi\u00e9rcoles con tu Alcaldesa\u201d."},"content":{"rendered":"<p>Vacunan a m\u00e1s de 30 personas contra el sarampi\u00f3n<\/p>\n<p>M\u00e1s de 120 meoquenses fueron atendidos en el programa \u201cMi\u00e9rcoles con tu Alcaldesa\u201d por todo el Gobierno Municipal encabezado por Miriam Soto, en el cual, adem\u00e1s, m\u00e1s de 30 personas se vacunaron en contra del Sarampi\u00f3n, gracias a la suma de esfuerzos con el CESSA Meoqui.<\/p>\n<p>Miriam Soto, destac\u00f3 que entre las peticiones m\u00e1s solicitadas en esta ocasi\u00f3n fueron las limpiezas a predios, a\u00f1adiendo que, para su Gobierno, siempre ser\u00e1 una prioridad atender de primera mano las solicitudes de la ciudadan\u00eda.<\/p>\n<p>Por otra parte, record\u00f3 que, en d\u00edas pasados, se realiz\u00f3 una jornada de vacunaci\u00f3n donde se aplicaron m\u00e1s de 400 dosis a los meoquenses ubicados en la Plaza Principal y en Alsuper, reiterando su compromiso con la salud y la prevenci\u00f3n de enfermedades.<\/p>\n<p>Durante esta jornada, estuvieron otros servicios disponibles tales como consulta m\u00e9dica general, corte de cabello, donaci\u00f3n de \u00e1rboles, vacunaci\u00f3n antirr\u00e1bica, asesor\u00eda jur\u00eddica y m\u00f3dulos de informaci\u00f3n del ICHEA, ICATECH y JMAS.<\/p>\n","protected":false},"excerpt":{"rendered":"<p>Vacunan a m\u00e1s de 30 personas contra el sarampi\u00f3n M\u00e1s de 120 meoquenses fueron atendidos en el programa \u201cMi\u00e9rcoles con tu Alcaldesa\u201d por todo el Gobierno Municipal encabezado por Miriam Soto, en el cual, adem\u00e1s, m\u00e1s de 30 personas se vacunaron en contra del Sarampi\u00f3n, gracias a la suma de esfuerzos con el CESSA Meoqui. Miriam Soto, destac\u00f3 que entre las peticiones m\u00e1s solicitadas en esta ocasi\u00f3n fueron las limpiezas a predios, a\u00f1adiendo que, para su Gobierno, siempre ser\u00e1 una prioridad atender de primera mano las solicitudes de la ciudadan\u00eda. Por otra parte, record\u00f3 que, en d\u00edas pasados, se realiz\u00f3 una jornada de vacunaci\u00f3n donde se aplicaron m\u00e1s de 400 dosis a los meoquenses ubicados en la Plaza Principal y en Alsuper, reiterando su compromiso con la salud y la prevenci\u00f3n de enfermedades. Durante esta jornada, estuvieron otros servicios disponibles tales como consulta m\u00e9dica general, corte de cabello, donaci\u00f3n de \u00e1rboles, vacunaci\u00f3n antirr\u00e1bica, asesor\u00eda jur\u00eddica y m\u00f3dulos de informaci\u00f3n del ICHEA, ICATECH y JMAS.<\/p>\n","protected":false},"author":2,"featured_media":15551,"comment_status":"open","ping_status":"open","sticky":false,"template":"","format":"standard","meta":{"_monsterinsights_skip_tracking":false,"_monsterinsights_sitenote_active":false,"_monsterinsights_sitenote_note":"","_monsterinsights_sitenote_category":0,"advanced_seo_description":"","jetpack_seo_html_title":"","jetpack_seo_noindex":false,"_jetpack_memberships_contains_paid_content":false,"footnotes":"","jetpack_publicize_message":"","jetpack_publicize_feature_enabled":true,"jetpack_social_post_already_shared":true,"jetpack_social_options":{"image_generator_settings":{"template":"highway","enabled":false},"version":2}},"categories":[135,7,11],"tags":[],"class_list":["post-15550","post","type-post","status-publish","format-standard","has-post-thumbnail","hentry","category-lo-mas-leido","category-local","category-principal"],"jetpack_publicize_connections":[],"jetpack_sharing_enabled":true,"jetpack_featured_media_url":"https:\/\/i0.wp.com\/alcierrenoticias.com\/wp-content\/uploads\/2025\/06\/WhatsApp-Image-2025-06-11-at-3.33.04-PM.jpeg?fit=1280%2C853&ssl=1","amp_enabled":true,"_links":{"self":[{"href":"https:\/\/alcierrenoticias.com\/index.php\/wp-json\/wp\/v2\/posts\/15550","targetHints":{"allow":["GET"]}}],"collection":[{"href":"https:\/\/alcierrenoticias.com\/index.php\/wp-json\/wp\/v2\/posts"}],"about":[{"href":"https:\/\/alcierrenoticias.com\/index.php\/wp-json\/wp\/v2\/types\/post"}],"author":[{"embeddable":true,"href":"https:\/\/alcierrenoticias.com\/index.php\/wp-json\/wp\/v2\/users\/2"}],"replies":[{"embeddable":true,"href":"https:\/\/alcierrenoticias.com\/index.php\/wp-json\/wp\/v2\/comments?post=15550"}],"version-history":[{"count":2,"href":"https:\/\/alcierrenoticias.com\/index.php\/wp-json\/wp\/v2\/posts\/15550\/revisions"}],"predecessor-version":[{"id":15553,"href":"https:\/\/alcierrenoticias.com\/index.php\/wp-json\/wp\/v2\/posts\/15550\/revisions\/15553"}],"wp:featuredmedia":[{"embeddable":true,"href":"https:\/\/alcierrenoticias.com\/index.php\/wp-json\/wp\/v2\/media\/15551"}],"wp:attachment":[{"href":"https:\/\/alcierrenoticias.com\/index.php\/wp-json\/wp\/v2\/media?parent=15550"}],"wp:term":[{"taxonomy":"category","embeddable":true,"href":"https:\/\/alcierrenoticias.com\/index.php\/wp-json\/wp\/v2\/categories?post=15550"},{"taxonomy":"post_tag","embeddable":true,"href":"https:\/\/alcierrenoticias.com\/index.php\/wp-json\/wp\/v2\/tags?post=15550"}],"curies":[{"name":"wp","href":"https:\/\/api.w.org\/{rel}","templated":true}]}}