{"id":15538,"date":"2025-06-11T13:15:04","date_gmt":"2025-06-11T19:15:04","guid":{"rendered":"https:\/\/alcierrenoticias.com\/?p=15538"},"modified":"2025-06-11T23:58:03","modified_gmt":"2025-06-12T05:58:03","slug":"realizan-reforestacion-ciudadana-como-parte-de-junio-ambiental-en-delicias-instalaron-sistema-de-riego","status":"publish","type":"post","link":"https:\/\/alcierrenoticias.com\/index.php\/2025\/06\/11\/realizan-reforestacion-ciudadana-como-parte-de-junio-ambiental-en-delicias-instalaron-sistema-de-riego\/","title":{"rendered":"Realizan reforestaci\u00f3n ciudadana como parte de \u201cJunio Ambiental\u201d en Delicias; instalaron sistema de riego."},"content":{"rendered":"<p>En el marco de la campa\u00f1a \u201cJunio Ambiental\u201d, la Jefatura de Medioambiente del municipio de Delicias llev\u00f3 a cabo una reforestaci\u00f3n ciudadana sobre la avenida Nuestra Gente, frente al Cobach y el Gran Estadio Delicias, con el objetivo de fortalecer la conciencia ecol\u00f3gica y mejorar el entorno urbano.<\/p>\n<p>La actividad fue encabezada por Juan Torrecillas, titular de la Jefatura de Medioambiente, y cont\u00f3 con la participaci\u00f3n de estudiantes de la Universidad Vizcaya de las Am\u00e9ricas, del Centro Cultural Universitario, jugadores del equipo Algodoneros, regidores, funcionarios municipales, la s\u00edndica Gaby Franco y personal de Grupo M\u00e9xico, empresa que don\u00f3 los \u00e1rboles.<\/p>\n<p>Se plantaron especies nativas y Xer\u00f3fitas, seleccionadas por su adaptabilidad al clima \u00e1rido de la regi\u00f3n, bajo requerimiento h\u00eddrico y alto valor ecol\u00f3gico y visual. \u201cSon \u00e1rboles que, con poco mantenimiento, pueden ofrecer grandes beneficios ecosist\u00e9micos\u201d, se\u00f1al\u00f3 Juan Torrecillas.<\/p>\n<p>Por instrucciones del alcalde Jes\u00fas Valenciano Garc\u00eda, el \u00e1rea de Servicios P\u00fablicos instal\u00f3 un sistema de riego automatizado que facilitar\u00e1 el mantenimiento y asegurar\u00e1 la supervivencia de los \u00e1rboles, contribuyendo a la sostenibilidad del proyecto.<\/p>\n<p>Finalmente, se invit\u00f3 a la poblaci\u00f3n a acercarse a la Jefatura de Medioambiente para sumarse a futuras jornadas de forestaci\u00f3n o solicitar plantas para \u00e1reas p\u00fablicas o escolares, promoviendo entre todos una ciudad m\u00e1s verde, resiliente y comprometida con su entorno.<\/p>\n","protected":false},"excerpt":{"rendered":"<p>En el marco de la campa\u00f1a \u201cJunio Ambiental\u201d, la Jefatura de Medioambiente del municipio de Delicias llev\u00f3 a cabo una reforestaci\u00f3n ciudadana sobre la avenida Nuestra Gente, frente al Cobach y el Gran Estadio Delicias, con el objetivo de fortalecer la conciencia ecol\u00f3gica y mejorar el entorno urbano. La actividad fue encabezada por Juan Torrecillas, titular de la Jefatura de Medioambiente, y cont\u00f3 con la participaci\u00f3n de estudiantes de la Universidad Vizcaya de las Am\u00e9ricas, del Centro Cultural Universitario, jugadores del equipo Algodoneros, regidores, funcionarios municipales, la s\u00edndica Gaby Franco y personal de Grupo M\u00e9xico, empresa que don\u00f3 los \u00e1rboles. Se plantaron especies nativas y Xer\u00f3fitas, seleccionadas por su adaptabilidad al clima \u00e1rido de la regi\u00f3n, bajo requerimiento h\u00eddrico y alto valor ecol\u00f3gico y visual. \u201cSon \u00e1rboles que, con poco mantenimiento, pueden ofrecer grandes beneficios ecosist\u00e9micos\u201d, se\u00f1al\u00f3 Juan Torrecillas. Por instrucciones del alcalde Jes\u00fas Valenciano Garc\u00eda, el \u00e1rea de Servicios P\u00fablicos instal\u00f3 un sistema de riego automatizado que facilitar\u00e1 el mantenimiento y asegurar\u00e1 la supervivencia de los \u00e1rboles, contribuyendo a la sostenibilidad del proyecto. Finalmente, se invit\u00f3 a la poblaci\u00f3n a acercarse a la Jefatura de Medioambiente para sumarse a futuras jornadas de forestaci\u00f3n o solicitar plantas para \u00e1reas p\u00fablicas o escolares, promoviendo entre todos una ciudad m\u00e1s verde, resiliente y comprometida con su entorno.<\/p>\n","protected":false},"author":2,"featured_media":15539,"comment_status":"open","ping_status":"open","sticky":false,"template":"","format":"standard","meta":{"_monsterinsights_skip_tracking":false,"_monsterinsights_sitenote_active":false,"_monsterinsights_sitenote_note":"","_monsterinsights_sitenote_category":0,"advanced_seo_description":"","jetpack_seo_html_title":"","jetpack_seo_noindex":false,"_jetpack_memberships_contains_paid_content":false,"footnotes":"","jetpack_publicize_message":"","jetpack_publicize_feature_enabled":true,"jetpack_social_post_already_shared":true,"jetpack_social_options":{"image_generator_settings":{"template":"highway","enabled":false},"version":2}},"categories":[135,7,11],"tags":[],"class_list":["post-15538","post","type-post","status-publish","format-standard","has-post-thumbnail","hentry","category-lo-mas-leido","category-local","category-principal"],"jetpack_publicize_connections":[],"jetpack_sharing_enabled":true,"jetpack_featured_media_url":"https:\/\/i0.wp.com\/alcierrenoticias.com\/wp-content\/uploads\/2025\/06\/WhatsApp-Image-2025-06-11-at-1.09.06-PM.jpeg?fit=1600%2C1200&ssl=1","amp_enabled":true,"_links":{"self":[{"href":"https:\/\/alcierrenoticias.com\/index.php\/wp-json\/wp\/v2\/posts\/15538","targetHints":{"allow":["GET"]}}],"collection":[{"href":"https:\/\/alcierrenoticias.com\/index.php\/wp-json\/wp\/v2\/posts"}],"about":[{"href":"https:\/\/alcierrenoticias.com\/index.php\/wp-json\/wp\/v2\/types\/post"}],"author":[{"embeddable":true,"href":"https:\/\/alcierrenoticias.com\/index.php\/wp-json\/wp\/v2\/users\/2"}],"replies":[{"embeddable":true,"href":"https:\/\/alcierrenoticias.com\/index.php\/wp-json\/wp\/v2\/comments?post=15538"}],"version-history":[{"count":2,"href":"https:\/\/alcierrenoticias.com\/index.php\/wp-json\/wp\/v2\/posts\/15538\/revisions"}],"predecessor-version":[{"id":15541,"href":"https:\/\/alcierrenoticias.com\/index.php\/wp-json\/wp\/v2\/posts\/15538\/revisions\/15541"}],"wp:featuredmedia":[{"embeddable":true,"href":"https:\/\/alcierrenoticias.com\/index.php\/wp-json\/wp\/v2\/media\/15539"}],"wp:attachment":[{"href":"https:\/\/alcierrenoticias.com\/index.php\/wp-json\/wp\/v2\/media?parent=15538"}],"wp:term":[{"taxonomy":"category","embeddable":true,"href":"https:\/\/alcierrenoticias.com\/index.php\/wp-json\/wp\/v2\/categories?post=15538"},{"taxonomy":"post_tag","embeddable":true,"href":"https:\/\/alcierrenoticias.com\/index.php\/wp-json\/wp\/v2\/tags?post=15538"}],"curies":[{"name":"wp","href":"https:\/\/api.w.org\/{rel}","templated":true}]}}