{"id":15501,"date":"2025-06-10T11:55:23","date_gmt":"2025-06-10T17:55:23","guid":{"rendered":"https:\/\/alcierrenoticias.com\/?p=15501"},"modified":"2025-06-10T23:11:57","modified_gmt":"2025-06-11T05:11:57","slug":"gobierno-municipal-y-estatal-arrancan-rehabilitacion-de-caminos-rurales-y-saca-cosecha-en-camargo","status":"publish","type":"post","link":"https:\/\/alcierrenoticias.com\/index.php\/2025\/06\/10\/gobierno-municipal-y-estatal-arrancan-rehabilitacion-de-caminos-rurales-y-saca-cosecha-en-camargo\/","title":{"rendered":"Gobierno municipal y estatal arrancan rehabilitaci\u00f3n de caminos rurales y saca cosecha en Camargo."},"content":{"rendered":"<p>El Gobierno Municipal de Camargo informa que dio inicio la rehabilitaci\u00f3n de los caminos rurales del municipio, gracias al respaldo del Gobierno del Estado, que facilit\u00f3 una m\u00e1quina moto-conformadora para llevar a cabo estos trabajos.<\/p>\n<p>Esta acci\u00f3n es resultado de la gesti\u00f3n del presidente municipal Jorge Aldana, quien contin\u00faa trabajando en coordinaci\u00f3n con las autoridades estatales para atender las necesidades m\u00e1s sentidas de las y los camarguenses.<\/p>\n<p>\u201cLa llegada de esta maquinaria es de gran ayuda para mejorar las condiciones de nuestros caminos rurales. Agradecemos al Gobierno del Estado por brindarnos esta herramienta que nos permite avanzar en la atenci\u00f3n de nuestras comunidades\u201d, se\u00f1al\u00f3 el alcalde Jorge Aldana.<\/p>\n<p>Los trabajos de rehabilitaci\u00f3n ya comenzaron y se realizar\u00e1n en distintas zonas del municipio, priorizando aquellas que presentan mayores afectaciones por el uso constante y las condiciones del clima.<\/p>\n<p>El Gobierno Municipal reafirma su compromiso con las familias del \u00e1rea rural, y continuar\u00e1 gestionando recursos y apoyos que fortalezcan la infraestructura y la calidad de vida en todo el municipio.<\/p>\n","protected":false},"excerpt":{"rendered":"<p>El Gobierno Municipal de Camargo informa que dio inicio la rehabilitaci\u00f3n de los caminos rurales del municipio, gracias al respaldo del Gobierno del Estado, que facilit\u00f3 una m\u00e1quina moto-conformadora para llevar a cabo estos trabajos. Esta acci\u00f3n es resultado de la gesti\u00f3n del presidente municipal Jorge Aldana, quien contin\u00faa trabajando en coordinaci\u00f3n con las autoridades estatales para atender las necesidades m\u00e1s sentidas de las y los camarguenses. \u201cLa llegada de esta maquinaria es de gran ayuda para mejorar las condiciones de nuestros caminos rurales. Agradecemos al Gobierno del Estado por brindarnos esta herramienta que nos permite avanzar en la atenci\u00f3n de nuestras comunidades\u201d, se\u00f1al\u00f3 el alcalde Jorge Aldana. Los trabajos de rehabilitaci\u00f3n ya comenzaron y se realizar\u00e1n en distintas zonas del municipio, priorizando aquellas que presentan mayores afectaciones por el uso constante y las condiciones del clima. El Gobierno Municipal reafirma su compromiso con las familias del \u00e1rea rural, y continuar\u00e1 gestionando recursos y apoyos que fortalezcan la infraestructura y la calidad de vida en todo el municipio.<\/p>\n","protected":false},"author":2,"featured_media":15502,"comment_status":"open","ping_status":"open","sticky":false,"template":"","format":"standard","meta":{"_monsterinsights_skip_tracking":false,"_monsterinsights_sitenote_active":false,"_monsterinsights_sitenote_note":"","_monsterinsights_sitenote_category":0,"advanced_seo_description":"","jetpack_seo_html_title":"","jetpack_seo_noindex":false,"_jetpack_memberships_contains_paid_content":false,"footnotes":"","jetpack_publicize_message":"","jetpack_publicize_feature_enabled":true,"jetpack_social_post_already_shared":true,"jetpack_social_options":{"image_generator_settings":{"template":"highway","enabled":false},"version":2}},"categories":[8,135,11],"tags":[],"class_list":["post-15501","post","type-post","status-publish","format-standard","has-post-thumbnail","hentry","category-estado","category-lo-mas-leido","category-principal"],"jetpack_publicize_connections":[],"jetpack_sharing_enabled":true,"jetpack_featured_media_url":"https:\/\/i0.wp.com\/alcierrenoticias.com\/wp-content\/uploads\/2025\/06\/WhatsApp-Image-2025-06-10-at-11.47.26-AM.jpeg?fit=1600%2C1066&ssl=1","amp_enabled":true,"_links":{"self":[{"href":"https:\/\/alcierrenoticias.com\/index.php\/wp-json\/wp\/v2\/posts\/15501","targetHints":{"allow":["GET"]}}],"collection":[{"href":"https:\/\/alcierrenoticias.com\/index.php\/wp-json\/wp\/v2\/posts"}],"about":[{"href":"https:\/\/alcierrenoticias.com\/index.php\/wp-json\/wp\/v2\/types\/post"}],"author":[{"embeddable":true,"href":"https:\/\/alcierrenoticias.com\/index.php\/wp-json\/wp\/v2\/users\/2"}],"replies":[{"embeddable":true,"href":"https:\/\/alcierrenoticias.com\/index.php\/wp-json\/wp\/v2\/comments?post=15501"}],"version-history":[{"count":2,"href":"https:\/\/alcierrenoticias.com\/index.php\/wp-json\/wp\/v2\/posts\/15501\/revisions"}],"predecessor-version":[{"id":15504,"href":"https:\/\/alcierrenoticias.com\/index.php\/wp-json\/wp\/v2\/posts\/15501\/revisions\/15504"}],"wp:featuredmedia":[{"embeddable":true,"href":"https:\/\/alcierrenoticias.com\/index.php\/wp-json\/wp\/v2\/media\/15502"}],"wp:attachment":[{"href":"https:\/\/alcierrenoticias.com\/index.php\/wp-json\/wp\/v2\/media?parent=15501"}],"wp:term":[{"taxonomy":"category","embeddable":true,"href":"https:\/\/alcierrenoticias.com\/index.php\/wp-json\/wp\/v2\/categories?post=15501"},{"taxonomy":"post_tag","embeddable":true,"href":"https:\/\/alcierrenoticias.com\/index.php\/wp-json\/wp\/v2\/tags?post=15501"}],"curies":[{"name":"wp","href":"https:\/\/api.w.org\/{rel}","templated":true}]}}