{"id":15491,"date":"2025-06-09T17:05:42","date_gmt":"2025-06-09T23:05:42","guid":{"rendered":"https:\/\/alcierrenoticias.com\/?p=15491"},"modified":"2025-06-10T23:08:26","modified_gmt":"2025-06-11T05:08:26","slug":"mas-de-400-meoquenses-vacunados-contra-el-sarampion-en-jornada-de-salud-en-meoqui","status":"publish","type":"post","link":"https:\/\/alcierrenoticias.com\/index.php\/2025\/06\/09\/mas-de-400-meoquenses-vacunados-contra-el-sarampion-en-jornada-de-salud-en-meoqui\/","title":{"rendered":"M\u00e1s de 400 meoquenses vacunados contra el sarampi\u00f3n en Jornada de Salud en Meoqui."},"content":{"rendered":"<p>El Gobierno Municipal en coordinaci\u00f3n con el CESSA Meoqui instalaron dos puestos de vacunaci\u00f3n, as\u00ed como una Feria de Salud en la Secundaria Stege<\/p>\n<p>M\u00e1s de 400 meoquenses fueron vacunados en la Jornada Vacunaci\u00f3n contra enfermedades como el sarampi\u00f3n en dos puestos instalados el pasado s\u00e1bado 7 de junio en la Plaza Principal y en Alsuper de Meoqui, as\u00ed como el viernes 6 en una Feria de Salud llevada a cabo en la Secundaria Stege, con el objetivo de completar esquemas de vacunaci\u00f3n, as\u00ed como prevenir enfermedades y completar esquemas.<\/p>\n<p>La Dra. Sayuri N\u00fa\u00f1ez, directora de Salud Municipal, mencion\u00f3 que para la alcaldesa Miriam Soto, una de las prioridades de su gobierno es la prevenci\u00f3n de enfermedades: \u201cSon acciones que Gobierno Municipal en conjunto con los Centros de Salud, seguimos realizando para evitar la propagaci\u00f3n de estas enfermedades\u201d.<\/p>\n<p>Finalmente mencion\u00f3 que continuaran sumando esfuerzos, a\u00f1adiendo que quien no pudo acudir a estos m\u00f3dulos de vacunaci\u00f3n, podr\u00e1n acudir a los diferentes Centros de Salud, para poder completar sus esquemas.<\/p>\n","protected":false},"excerpt":{"rendered":"<p>El Gobierno Municipal en coordinaci\u00f3n con el CESSA Meoqui instalaron dos puestos de vacunaci\u00f3n, as\u00ed como una Feria de Salud en la Secundaria Stege M\u00e1s de 400 meoquenses fueron vacunados en la Jornada Vacunaci\u00f3n contra enfermedades como el sarampi\u00f3n en dos puestos instalados el pasado s\u00e1bado 7 de junio en la Plaza Principal y en Alsuper de Meoqui, as\u00ed como el viernes 6 en una Feria de Salud llevada a cabo en la Secundaria Stege, con el objetivo de completar esquemas de vacunaci\u00f3n, as\u00ed como prevenir enfermedades y completar esquemas. La Dra. Sayuri N\u00fa\u00f1ez, directora de Salud Municipal, mencion\u00f3 que para la alcaldesa Miriam Soto, una de las prioridades de su gobierno es la prevenci\u00f3n de enfermedades: \u201cSon acciones que Gobierno Municipal en conjunto con los Centros de Salud, seguimos realizando para evitar la propagaci\u00f3n de estas enfermedades\u201d. Finalmente mencion\u00f3 que continuaran sumando esfuerzos, a\u00f1adiendo que quien no pudo acudir a estos m\u00f3dulos de vacunaci\u00f3n, podr\u00e1n acudir a los diferentes Centros de Salud, para poder completar sus esquemas.<\/p>\n","protected":false},"author":2,"featured_media":15492,"comment_status":"open","ping_status":"open","sticky":false,"template":"","format":"standard","meta":{"_monsterinsights_skip_tracking":false,"_monsterinsights_sitenote_active":false,"_monsterinsights_sitenote_note":"","_monsterinsights_sitenote_category":0,"advanced_seo_description":"","jetpack_seo_html_title":"","jetpack_seo_noindex":false,"_jetpack_memberships_contains_paid_content":false,"footnotes":"","jetpack_publicize_message":"","jetpack_publicize_feature_enabled":true,"jetpack_social_post_already_shared":true,"jetpack_social_options":{"image_generator_settings":{"template":"highway","enabled":false},"version":2}},"categories":[135,7,11],"tags":[],"class_list":["post-15491","post","type-post","status-publish","format-standard","has-post-thumbnail","hentry","category-lo-mas-leido","category-local","category-principal"],"jetpack_publicize_connections":[],"jetpack_sharing_enabled":true,"jetpack_featured_media_url":"https:\/\/i0.wp.com\/alcierrenoticias.com\/wp-content\/uploads\/2025\/06\/WhatsApp-Image-2025-06-09-at-5.02.54-PM.jpeg?fit=1280%2C963&ssl=1","amp_enabled":true,"_links":{"self":[{"href":"https:\/\/alcierrenoticias.com\/index.php\/wp-json\/wp\/v2\/posts\/15491","targetHints":{"allow":["GET"]}}],"collection":[{"href":"https:\/\/alcierrenoticias.com\/index.php\/wp-json\/wp\/v2\/posts"}],"about":[{"href":"https:\/\/alcierrenoticias.com\/index.php\/wp-json\/wp\/v2\/types\/post"}],"author":[{"embeddable":true,"href":"https:\/\/alcierrenoticias.com\/index.php\/wp-json\/wp\/v2\/users\/2"}],"replies":[{"embeddable":true,"href":"https:\/\/alcierrenoticias.com\/index.php\/wp-json\/wp\/v2\/comments?post=15491"}],"version-history":[{"count":2,"href":"https:\/\/alcierrenoticias.com\/index.php\/wp-json\/wp\/v2\/posts\/15491\/revisions"}],"predecessor-version":[{"id":15499,"href":"https:\/\/alcierrenoticias.com\/index.php\/wp-json\/wp\/v2\/posts\/15491\/revisions\/15499"}],"wp:featuredmedia":[{"embeddable":true,"href":"https:\/\/alcierrenoticias.com\/index.php\/wp-json\/wp\/v2\/media\/15492"}],"wp:attachment":[{"href":"https:\/\/alcierrenoticias.com\/index.php\/wp-json\/wp\/v2\/media?parent=15491"}],"wp:term":[{"taxonomy":"category","embeddable":true,"href":"https:\/\/alcierrenoticias.com\/index.php\/wp-json\/wp\/v2\/categories?post=15491"},{"taxonomy":"post_tag","embeddable":true,"href":"https:\/\/alcierrenoticias.com\/index.php\/wp-json\/wp\/v2\/tags?post=15491"}],"curies":[{"name":"wp","href":"https:\/\/api.w.org\/{rel}","templated":true}]}}