{"id":15457,"date":"2025-06-07T16:40:12","date_gmt":"2025-06-07T22:40:12","guid":{"rendered":"https:\/\/alcierrenoticias.com\/?p=15457"},"modified":"2025-06-09T13:11:07","modified_gmt":"2025-06-09T19:11:07","slug":"fomenta-miriam-soto-politicas-familiares-con-rally-interdependencias-del-gobierno-municipal-de-meoqui","status":"publish","type":"post","link":"https:\/\/alcierrenoticias.com\/index.php\/2025\/06\/07\/fomenta-miriam-soto-politicas-familiares-con-rally-interdependencias-del-gobierno-municipal-de-meoqui\/","title":{"rendered":"Fomenta Miriam Soto pol\u00edticas familiares con Rally interdependencias del Gobierno Municipal de Meoqui."},"content":{"rendered":"<p>&#8220;Tenemos la firme convicci\u00f3n de que nos damos estos espacios no solo entre trabajadores, si no tambi\u00e9n nuestras familias&#8221;: alcaldesa de Meoqui<\/p>\n<p>La alcaldesa de Meoqui Miriam Soto dio arranque al rally interdependencias donde colaboradores del Gobierno Municipal y sus familias, disfrutaron de un momento de convivencia como parte del Reglamento de Pol\u00edticas Familiares.<\/p>\n<p>&#8220;Tenemos la firme convicci\u00f3n de que nos damos estos espacios no solo entre trabajadores, si no tambi\u00e9n nuestras familias. Son pocas ocasiones las que nos toca estar todos juntos y disfrutando una convivencia sana, deportiva, llena de convivencia y son momentos de disfrutar y de pasar un buen rato&#8221;, destac\u00f3 la alcaldesa Miriam Soto.<\/p>\n<p>Asimismo, a\u00f1adi\u00f3 que este tipo de actividades fortalece la convivencia dentro del Gobierno Municipal, buscando consolidar la convivencia entre los colaboradores de las diferentes dependencias.<\/p>\n<p>&#8220;Esto forma parte de la perpespectiva que tenemos en Pol\u00edtica Familiar, pero m\u00e1s que cumplir con ello, es un momento de convivencia importante&#8221;, concluy\u00f3 la alcaldesa.<\/p>\n","protected":false},"excerpt":{"rendered":"<p>&#8220;Tenemos la firme convicci\u00f3n de que nos damos estos espacios no solo entre trabajadores, si no tambi\u00e9n nuestras familias&#8221;: alcaldesa de Meoqui La alcaldesa de Meoqui Miriam Soto dio arranque al rally interdependencias donde colaboradores del Gobierno Municipal y sus familias, disfrutaron de un momento de convivencia como parte del Reglamento de Pol\u00edticas Familiares. &#8220;Tenemos la firme convicci\u00f3n de que nos damos estos espacios no solo entre trabajadores, si no tambi\u00e9n nuestras familias. Son pocas ocasiones las que nos toca estar todos juntos y disfrutando una convivencia sana, deportiva, llena de convivencia y son momentos de disfrutar y de pasar un buen rato&#8221;, destac\u00f3 la alcaldesa Miriam Soto. Asimismo, a\u00f1adi\u00f3 que este tipo de actividades fortalece la convivencia dentro del Gobierno Municipal, buscando consolidar la convivencia entre los colaboradores de las diferentes dependencias. &#8220;Esto forma parte de la perpespectiva que tenemos en Pol\u00edtica Familiar, pero m\u00e1s que cumplir con ello, es un momento de convivencia importante&#8221;, concluy\u00f3 la alcaldesa.<\/p>\n","protected":false},"author":2,"featured_media":15458,"comment_status":"open","ping_status":"open","sticky":false,"template":"","format":"standard","meta":{"_monsterinsights_skip_tracking":false,"_monsterinsights_sitenote_active":false,"_monsterinsights_sitenote_note":"","_monsterinsights_sitenote_category":0,"advanced_seo_description":"","jetpack_seo_html_title":"","jetpack_seo_noindex":false,"_jetpack_memberships_contains_paid_content":false,"footnotes":"","jetpack_publicize_message":"","jetpack_publicize_feature_enabled":true,"jetpack_social_post_already_shared":true,"jetpack_social_options":{"image_generator_settings":{"template":"highway","enabled":false},"version":2}},"categories":[135,7,11],"tags":[],"class_list":["post-15457","post","type-post","status-publish","format-standard","has-post-thumbnail","hentry","category-lo-mas-leido","category-local","category-principal"],"jetpack_publicize_connections":[],"jetpack_sharing_enabled":true,"jetpack_featured_media_url":"https:\/\/i0.wp.com\/alcierrenoticias.com\/wp-content\/uploads\/2025\/06\/WhatsApp-Image-2025-06-07-at-4.30.45-PM.jpeg?fit=1280%2C960&ssl=1","amp_enabled":true,"_links":{"self":[{"href":"https:\/\/alcierrenoticias.com\/index.php\/wp-json\/wp\/v2\/posts\/15457","targetHints":{"allow":["GET"]}}],"collection":[{"href":"https:\/\/alcierrenoticias.com\/index.php\/wp-json\/wp\/v2\/posts"}],"about":[{"href":"https:\/\/alcierrenoticias.com\/index.php\/wp-json\/wp\/v2\/types\/post"}],"author":[{"embeddable":true,"href":"https:\/\/alcierrenoticias.com\/index.php\/wp-json\/wp\/v2\/users\/2"}],"replies":[{"embeddable":true,"href":"https:\/\/alcierrenoticias.com\/index.php\/wp-json\/wp\/v2\/comments?post=15457"}],"version-history":[{"count":1,"href":"https:\/\/alcierrenoticias.com\/index.php\/wp-json\/wp\/v2\/posts\/15457\/revisions"}],"predecessor-version":[{"id":15459,"href":"https:\/\/alcierrenoticias.com\/index.php\/wp-json\/wp\/v2\/posts\/15457\/revisions\/15459"}],"wp:featuredmedia":[{"embeddable":true,"href":"https:\/\/alcierrenoticias.com\/index.php\/wp-json\/wp\/v2\/media\/15458"}],"wp:attachment":[{"href":"https:\/\/alcierrenoticias.com\/index.php\/wp-json\/wp\/v2\/media?parent=15457"}],"wp:term":[{"taxonomy":"category","embeddable":true,"href":"https:\/\/alcierrenoticias.com\/index.php\/wp-json\/wp\/v2\/categories?post=15457"},{"taxonomy":"post_tag","embeddable":true,"href":"https:\/\/alcierrenoticias.com\/index.php\/wp-json\/wp\/v2\/tags?post=15457"}],"curies":[{"name":"wp","href":"https:\/\/api.w.org\/{rel}","templated":true}]}}