{"id":15414,"date":"2025-06-05T15:02:25","date_gmt":"2025-06-05T21:02:25","guid":{"rendered":"https:\/\/alcierrenoticias.com\/?p=15414"},"modified":"2025-06-05T21:23:21","modified_gmt":"2025-06-06T03:23:21","slug":"arranca-delicias-actividades-de-junio-ambiental-con-conferencias-talleres-y-senderismo-ecologico","status":"publish","type":"post","link":"https:\/\/alcierrenoticias.com\/index.php\/2025\/06\/05\/arranca-delicias-actividades-de-junio-ambiental-con-conferencias-talleres-y-senderismo-ecologico\/","title":{"rendered":"Arranca Delicias actividades de \u201cJunio Ambiental\u201d con conferencias, talleres y senderismo ecol\u00f3gico."},"content":{"rendered":"<p>Con el objetivo de fomentar el cuidado del planeta y promover la conciencia ambiental, el Gobierno Municipal de Delicias, a trav\u00e9s de la Jefatura de Medioambiente de Delicias, dio inicio a las actividades del \u201cJunio Ambiental\u201d, una agenda con eventos educativos, recreativos y formativos a lo largo del mes. As\u00ed lo dio a conocer Juan Torrecillas, titular del \u00e1rea.<\/p>\n<p>Este jueves se llevaron a cabo actividades con la conferencia \u201cColmillos sin malas intenciones\u201d, impartida por el bi\u00f3logo Isaac Miramontes, de la UACJ, quien habl\u00f3 a estudiantes del CBTA sobre el manejo responsable de reptiles. Por la tarde, se proyectar\u00e1n pel\u00edculas ambientales en el Parque Fundadores, a partir de las 7:00 p.m., dirigidas a toda la familia.<\/p>\n<p>Para este viernes, se contempla una capacitaci\u00f3n sobre el manejo de murci\u00e9lagos en la Facultad de Agronom\u00eda, a cargo del maestro Sergio Lu\u00e9vano. Adem\u00e1s, por la tarde se realizar\u00e1 un ecosendero, una caminata ecol\u00f3gica que partir\u00e1 a las 6:00 p.m. del Reloj P\u00fablico, como parte de las actividades de sensibilizaci\u00f3n sobre el entorno natural.<\/p>\n<p>El fin de semana tambi\u00e9n estar\u00e1 lleno de eventos: el s\u00e1bado a las 8 de la ma\u00f1ana se llevar\u00e1 a cabo un taller sobre aves urbanas impartido por el Dr. Fernando Mondaca en el Parque Fundadores. Ese mismo d\u00eda por la tarde a las 5 de la tarde en la Plaza de la Rep\u00fablica, se realizar\u00e1 una Feria Ambiental y un Pet Day con causa, donde todo lo recaudado beneficiar\u00e1 a asociaciones y rescatistas de animales en situaci\u00f3n de abandono.<\/p>\n<p>Para el domingo, las familias que no pudieron asistir al taller de aves urbanas tendr\u00e1n una segunda oportunidad a las 8:00 a.m. en el Vado de Meoqui y las letras de Delicias. Juan Torrecillas invit\u00f3 a la ciudadan\u00eda a sumarse a estas actividades y a comunicarse v\u00eda WhatsApp al 639-117-2019 para m\u00e1s informaci\u00f3n o inscripciones. \u201cVivamos juntos el cuidado del planeta\u201d, concluy\u00f3.<\/p>\n","protected":false},"excerpt":{"rendered":"<p>Con el objetivo de fomentar el cuidado del planeta y promover la conciencia ambiental, el Gobierno Municipal de Delicias, a trav\u00e9s de la Jefatura de Medioambiente de Delicias, dio inicio a las actividades del \u201cJunio Ambiental\u201d, una agenda con eventos educativos, recreativos y formativos a lo largo del mes. As\u00ed lo dio a conocer Juan Torrecillas, titular del \u00e1rea. Este jueves se llevaron a cabo actividades con la conferencia \u201cColmillos sin malas intenciones\u201d, impartida por el bi\u00f3logo Isaac Miramontes, de la UACJ, quien habl\u00f3 a estudiantes del CBTA sobre el manejo responsable de reptiles. Por la tarde, se proyectar\u00e1n pel\u00edculas ambientales en el Parque Fundadores, a partir de las 7:00 p.m., dirigidas a toda la familia. Para este viernes, se contempla una capacitaci\u00f3n sobre el manejo de murci\u00e9lagos en la Facultad de Agronom\u00eda, a cargo del maestro Sergio Lu\u00e9vano. Adem\u00e1s, por la tarde se realizar\u00e1 un ecosendero, una caminata ecol\u00f3gica que partir\u00e1 a las 6:00 p.m. del Reloj P\u00fablico, como parte de las actividades de sensibilizaci\u00f3n sobre el entorno natural. El fin de semana tambi\u00e9n estar\u00e1 lleno de eventos: el s\u00e1bado a las 8 de la ma\u00f1ana se llevar\u00e1 a cabo un taller sobre aves urbanas impartido por el Dr. Fernando Mondaca en el Parque Fundadores. Ese mismo d\u00eda por la tarde a las 5 de la tarde en la Plaza de la Rep\u00fablica, se realizar\u00e1 una Feria Ambiental y un Pet Day con causa, donde todo lo recaudado beneficiar\u00e1 a asociaciones y rescatistas de animales en situaci\u00f3n de abandono. Para el domingo, las familias que no pudieron asistir al taller de aves urbanas tendr\u00e1n una segunda oportunidad a las 8:00 a.m. en el Vado de Meoqui y las letras de Delicias. Juan Torrecillas invit\u00f3 a la ciudadan\u00eda a sumarse a estas actividades y a comunicarse v\u00eda WhatsApp al 639-117-2019 para m\u00e1s informaci\u00f3n o inscripciones. \u201cVivamos juntos el cuidado del planeta\u201d, concluy\u00f3.<\/p>\n","protected":false},"author":2,"featured_media":15415,"comment_status":"open","ping_status":"open","sticky":false,"template":"","format":"standard","meta":{"_monsterinsights_skip_tracking":false,"_monsterinsights_sitenote_active":false,"_monsterinsights_sitenote_note":"","_monsterinsights_sitenote_category":0,"advanced_seo_description":"","jetpack_seo_html_title":"","jetpack_seo_noindex":false,"_jetpack_memberships_contains_paid_content":false,"footnotes":"","jetpack_publicize_message":"","jetpack_publicize_feature_enabled":true,"jetpack_social_post_already_shared":true,"jetpack_social_options":{"image_generator_settings":{"template":"highway","enabled":false},"version":2}},"categories":[135,7,11],"tags":[],"class_list":["post-15414","post","type-post","status-publish","format-standard","has-post-thumbnail","hentry","category-lo-mas-leido","category-local","category-principal"],"jetpack_publicize_connections":[],"jetpack_sharing_enabled":true,"jetpack_featured_media_url":"https:\/\/i0.wp.com\/alcierrenoticias.com\/wp-content\/uploads\/2025\/06\/WhatsApp-Image-2025-06-05-at-3.04.07-PM-scaled.jpeg?fit=2560%2C1707&ssl=1","amp_enabled":true,"_links":{"self":[{"href":"https:\/\/alcierrenoticias.com\/index.php\/wp-json\/wp\/v2\/posts\/15414","targetHints":{"allow":["GET"]}}],"collection":[{"href":"https:\/\/alcierrenoticias.com\/index.php\/wp-json\/wp\/v2\/posts"}],"about":[{"href":"https:\/\/alcierrenoticias.com\/index.php\/wp-json\/wp\/v2\/types\/post"}],"author":[{"embeddable":true,"href":"https:\/\/alcierrenoticias.com\/index.php\/wp-json\/wp\/v2\/users\/2"}],"replies":[{"embeddable":true,"href":"https:\/\/alcierrenoticias.com\/index.php\/wp-json\/wp\/v2\/comments?post=15414"}],"version-history":[{"count":1,"href":"https:\/\/alcierrenoticias.com\/index.php\/wp-json\/wp\/v2\/posts\/15414\/revisions"}],"predecessor-version":[{"id":15416,"href":"https:\/\/alcierrenoticias.com\/index.php\/wp-json\/wp\/v2\/posts\/15414\/revisions\/15416"}],"wp:featuredmedia":[{"embeddable":true,"href":"https:\/\/alcierrenoticias.com\/index.php\/wp-json\/wp\/v2\/media\/15415"}],"wp:attachment":[{"href":"https:\/\/alcierrenoticias.com\/index.php\/wp-json\/wp\/v2\/media?parent=15414"}],"wp:term":[{"taxonomy":"category","embeddable":true,"href":"https:\/\/alcierrenoticias.com\/index.php\/wp-json\/wp\/v2\/categories?post=15414"},{"taxonomy":"post_tag","embeddable":true,"href":"https:\/\/alcierrenoticias.com\/index.php\/wp-json\/wp\/v2\/tags?post=15414"}],"curies":[{"name":"wp","href":"https:\/\/api.w.org\/{rel}","templated":true}]}}