{"id":1541,"date":"2023-04-06T15:23:11","date_gmt":"2023-04-06T21:23:11","guid":{"rendered":"https:\/\/alcierrenoticias.com\/?p=1541"},"modified":"2023-04-06T15:23:11","modified_gmt":"2023-04-06T21:23:11","slug":"remodela-presidencia-delicias-el-rastro-muncipal","status":"publish","type":"post","link":"https:\/\/alcierrenoticias.com\/index.php\/2023\/04\/06\/remodela-presidencia-delicias-el-rastro-muncipal\/","title":{"rendered":"Remodela presidencia Delicias el Rastro Muncipal."},"content":{"rendered":"<p>Con la intenci\u00f3n de dar un mejor servicio a los usuarios del Rastro Municipal, el director de Servicios P\u00fablicos Municipales, Alejandro Bad\u00eda, inform\u00f3 que por instrucci\u00f3n del Alcalde Jes\u00fas Valenciano, se remodel\u00f3 este espacio.<\/p>\n<p>Lo anterior en atenci\u00f3n a las observaciones que realiz\u00f3 la COESPRIS para tener en \u00f3ptimas condiciones el carril de la matanza de las reses y de puercos, as\u00ed como el \u00e1rea de ingreso a los corrales de puercos, explic\u00f3 Alejandro Bad\u00eda.<\/p>\n<p>De igual manera mencion\u00f3 que se aprovechar\u00e1n los d\u00edas santos de inhabilitaci\u00f3n de operaciones para construir dos carriles completamente nuevos y para renovar el \u00e1rea de iluminaci\u00f3n, a fin de fortalecer la seguridad para el mismo Rastro Municipal.<\/p>\n","protected":false},"excerpt":{"rendered":"<p>Con la intenci\u00f3n de dar un mejor servicio a los usuarios del Rastro Municipal, el director de Servicios P\u00fablicos Municipales, Alejandro Bad\u00eda, inform\u00f3 que por instrucci\u00f3n del Alcalde Jes\u00fas Valenciano, se remodel\u00f3 este espacio. Lo anterior en atenci\u00f3n a las observaciones que realiz\u00f3 la COESPRIS para tener en \u00f3ptimas condiciones el carril de la matanza de las reses y de puercos, as\u00ed como el \u00e1rea de ingreso a los corrales de puercos, explic\u00f3 Alejandro Bad\u00eda. De igual manera mencion\u00f3 que se aprovechar\u00e1n los d\u00edas santos de inhabilitaci\u00f3n de operaciones para construir dos carriles completamente nuevos y para renovar el \u00e1rea de iluminaci\u00f3n, a fin de fortalecer la seguridad para el mismo Rastro Municipal.<\/p>\n","protected":false},"author":2,"featured_media":1542,"comment_status":"open","ping_status":"open","sticky":false,"template":"","format":"standard","meta":{"_monsterinsights_skip_tracking":false,"_monsterinsights_sitenote_active":false,"_monsterinsights_sitenote_note":"","_monsterinsights_sitenote_category":0,"advanced_seo_description":"","jetpack_seo_html_title":"","jetpack_seo_noindex":false,"_jetpack_memberships_contains_paid_content":false,"footnotes":"","jetpack_publicize_message":"","jetpack_publicize_feature_enabled":true,"jetpack_social_post_already_shared":true,"jetpack_social_options":{"image_generator_settings":{"template":"highway","enabled":false},"version":2}},"categories":[135,7,11],"tags":[],"class_list":["post-1541","post","type-post","status-publish","format-standard","has-post-thumbnail","hentry","category-lo-mas-leido","category-local","category-principal"],"jetpack_publicize_connections":[],"jetpack_sharing_enabled":true,"jetpack_featured_media_url":"https:\/\/i0.wp.com\/alcierrenoticias.com\/wp-content\/uploads\/2023\/04\/WhatsApp-Image-2023-04-06-at-10.17.51-AM-e1680816107496.jpeg?fit=500%2C889&ssl=1","amp_enabled":true,"_links":{"self":[{"href":"https:\/\/alcierrenoticias.com\/index.php\/wp-json\/wp\/v2\/posts\/1541","targetHints":{"allow":["GET"]}}],"collection":[{"href":"https:\/\/alcierrenoticias.com\/index.php\/wp-json\/wp\/v2\/posts"}],"about":[{"href":"https:\/\/alcierrenoticias.com\/index.php\/wp-json\/wp\/v2\/types\/post"}],"author":[{"embeddable":true,"href":"https:\/\/alcierrenoticias.com\/index.php\/wp-json\/wp\/v2\/users\/2"}],"replies":[{"embeddable":true,"href":"https:\/\/alcierrenoticias.com\/index.php\/wp-json\/wp\/v2\/comments?post=1541"}],"version-history":[{"count":1,"href":"https:\/\/alcierrenoticias.com\/index.php\/wp-json\/wp\/v2\/posts\/1541\/revisions"}],"predecessor-version":[{"id":1543,"href":"https:\/\/alcierrenoticias.com\/index.php\/wp-json\/wp\/v2\/posts\/1541\/revisions\/1543"}],"wp:featuredmedia":[{"embeddable":true,"href":"https:\/\/alcierrenoticias.com\/index.php\/wp-json\/wp\/v2\/media\/1542"}],"wp:attachment":[{"href":"https:\/\/alcierrenoticias.com\/index.php\/wp-json\/wp\/v2\/media?parent=1541"}],"wp:term":[{"taxonomy":"category","embeddable":true,"href":"https:\/\/alcierrenoticias.com\/index.php\/wp-json\/wp\/v2\/categories?post=1541"},{"taxonomy":"post_tag","embeddable":true,"href":"https:\/\/alcierrenoticias.com\/index.php\/wp-json\/wp\/v2\/tags?post=1541"}],"curies":[{"name":"wp","href":"https:\/\/api.w.org\/{rel}","templated":true}]}}