{"id":15397,"date":"2025-06-05T11:02:47","date_gmt":"2025-06-05T17:02:47","guid":{"rendered":"https:\/\/alcierrenoticias.com\/?p=15397"},"modified":"2025-06-05T21:15:29","modified_gmt":"2025-06-06T03:15:29","slug":"jorge-aldana-impulsa-reforestacion-en-camargo-y-la-region-con-entrega-de-mas-de-8-mil-arboles-nativos","status":"publish","type":"post","link":"https:\/\/alcierrenoticias.com\/index.php\/2025\/06\/05\/jorge-aldana-impulsa-reforestacion-en-camargo-y-la-region-con-entrega-de-mas-de-8-mil-arboles-nativos\/","title":{"rendered":"Jorge Aldana impulsa reforestaci\u00f3n en Camargo y la regi\u00f3n con entrega de m\u00e1s de 8 mil \u00e1rboles nativos."},"content":{"rendered":"<p>Gracias a la coordinaci\u00f3n entre el Gobierno Municipal de Camargo, la Brigada de Educaci\u00f3n para el Desarrollo Rural y la Fundaci\u00f3n Grupo M\u00e9xico, se logr\u00f3 gestionar la llegada de m\u00e1s de 8 mil \u00e1rboles nativos al municipio y la regi\u00f3n.<\/p>\n<p>Como parte de esta iniciativa ecol\u00f3gica, se hizo entrega de arbolitos a escuelas, al grupo empresarial, y a las y los camarguenses comprometidos con el cuidado del medio ambiente. Adem\u00e1s, en un esfuerzo regional por extender el impacto de esta campa\u00f1a de reforestaci\u00f3n, tambi\u00e9n se distribuyeron \u00e1rboles a los municipios de La Cruz, San Francisco de Conchos y Saucillo.<\/p>\n<p>El presidente municipal de Camargo, Jorge Aldana, agradeci\u00f3 a la Fundaci\u00f3n Grupo M\u00e9xico por su valioso apoyo y reconoci\u00f3 el trabajo en conjunto con las distintas instancias involucradas.<\/p>\n<p>\u201cEstamos convencidos de que sembrar \u00e1rboles es sembrar futuro. Esta gesti\u00f3n no s\u00f3lo fortalece nuestras \u00e1reas verdes, tambi\u00e9n fortalece la colaboraci\u00f3n regional en favor del medio ambiente\u201d, expres\u00f3.<\/p>\n<p>El Gobierno Municipal de Camargo reafirma su compromiso con el desarrollo sustentable y continuar\u00e1 impulsando acciones que mejoren la calidad de vida de las familias, no solo en Camargo, sino en toda la regi\u00f3n.<\/p>\n","protected":false},"excerpt":{"rendered":"<p>Gracias a la coordinaci\u00f3n entre el Gobierno Municipal de Camargo, la Brigada de Educaci\u00f3n para el Desarrollo Rural y la Fundaci\u00f3n Grupo M\u00e9xico, se logr\u00f3 gestionar la llegada de m\u00e1s de 8 mil \u00e1rboles nativos al municipio y la regi\u00f3n. Como parte de esta iniciativa ecol\u00f3gica, se hizo entrega de arbolitos a escuelas, al grupo empresarial, y a las y los camarguenses comprometidos con el cuidado del medio ambiente. Adem\u00e1s, en un esfuerzo regional por extender el impacto de esta campa\u00f1a de reforestaci\u00f3n, tambi\u00e9n se distribuyeron \u00e1rboles a los municipios de La Cruz, San Francisco de Conchos y Saucillo. El presidente municipal de Camargo, Jorge Aldana, agradeci\u00f3 a la Fundaci\u00f3n Grupo M\u00e9xico por su valioso apoyo y reconoci\u00f3 el trabajo en conjunto con las distintas instancias involucradas. \u201cEstamos convencidos de que sembrar \u00e1rboles es sembrar futuro. Esta gesti\u00f3n no s\u00f3lo fortalece nuestras \u00e1reas verdes, tambi\u00e9n fortalece la colaboraci\u00f3n regional en favor del medio ambiente\u201d, expres\u00f3. El Gobierno Municipal de Camargo reafirma su compromiso con el desarrollo sustentable y continuar\u00e1 impulsando acciones que mejoren la calidad de vida de las familias, no solo en Camargo, sino en toda la regi\u00f3n.<\/p>\n","protected":false},"author":2,"featured_media":15398,"comment_status":"open","ping_status":"open","sticky":false,"template":"","format":"standard","meta":{"_monsterinsights_skip_tracking":false,"_monsterinsights_sitenote_active":false,"_monsterinsights_sitenote_note":"","_monsterinsights_sitenote_category":0,"advanced_seo_description":"","jetpack_seo_html_title":"","jetpack_seo_noindex":false,"_jetpack_memberships_contains_paid_content":false,"footnotes":"","jetpack_publicize_message":"","jetpack_publicize_feature_enabled":true,"jetpack_social_post_already_shared":true,"jetpack_social_options":{"image_generator_settings":{"template":"highway","enabled":false},"version":2}},"categories":[8,135,11],"tags":[],"class_list":["post-15397","post","type-post","status-publish","format-standard","has-post-thumbnail","hentry","category-estado","category-lo-mas-leido","category-principal"],"jetpack_publicize_connections":[],"jetpack_sharing_enabled":true,"jetpack_featured_media_url":"https:\/\/i0.wp.com\/alcierrenoticias.com\/wp-content\/uploads\/2025\/06\/WhatsApp-Image-2025-06-05-at-10.38.40-AM.jpeg?fit=1600%2C1066&ssl=1","amp_enabled":true,"_links":{"self":[{"href":"https:\/\/alcierrenoticias.com\/index.php\/wp-json\/wp\/v2\/posts\/15397","targetHints":{"allow":["GET"]}}],"collection":[{"href":"https:\/\/alcierrenoticias.com\/index.php\/wp-json\/wp\/v2\/posts"}],"about":[{"href":"https:\/\/alcierrenoticias.com\/index.php\/wp-json\/wp\/v2\/types\/post"}],"author":[{"embeddable":true,"href":"https:\/\/alcierrenoticias.com\/index.php\/wp-json\/wp\/v2\/users\/2"}],"replies":[{"embeddable":true,"href":"https:\/\/alcierrenoticias.com\/index.php\/wp-json\/wp\/v2\/comments?post=15397"}],"version-history":[{"count":2,"href":"https:\/\/alcierrenoticias.com\/index.php\/wp-json\/wp\/v2\/posts\/15397\/revisions"}],"predecessor-version":[{"id":15400,"href":"https:\/\/alcierrenoticias.com\/index.php\/wp-json\/wp\/v2\/posts\/15397\/revisions\/15400"}],"wp:featuredmedia":[{"embeddable":true,"href":"https:\/\/alcierrenoticias.com\/index.php\/wp-json\/wp\/v2\/media\/15398"}],"wp:attachment":[{"href":"https:\/\/alcierrenoticias.com\/index.php\/wp-json\/wp\/v2\/media?parent=15397"}],"wp:term":[{"taxonomy":"category","embeddable":true,"href":"https:\/\/alcierrenoticias.com\/index.php\/wp-json\/wp\/v2\/categories?post=15397"},{"taxonomy":"post_tag","embeddable":true,"href":"https:\/\/alcierrenoticias.com\/index.php\/wp-json\/wp\/v2\/tags?post=15397"}],"curies":[{"name":"wp","href":"https:\/\/api.w.org\/{rel}","templated":true}]}}