{"id":15372,"date":"2025-06-04T13:01:33","date_gmt":"2025-06-04T19:01:33","guid":{"rendered":"https:\/\/alcierrenoticias.com\/?p=15372"},"modified":"2025-06-05T14:50:20","modified_gmt":"2025-06-05T20:50:20","slug":"realiza-delicias-reunion-del-consejo-de-desarrollo-rural-sustentable-con-productores-locales","status":"publish","type":"post","link":"https:\/\/alcierrenoticias.com\/index.php\/2025\/06\/04\/realiza-delicias-reunion-del-consejo-de-desarrollo-rural-sustentable-con-productores-locales\/","title":{"rendered":"Realiza Delicias reuni\u00f3n del Consejo de Desarrollo Rural Sustentable con productores locales."},"content":{"rendered":"<p>Con la participaci\u00f3n de productores agr\u00edcolas, apicultores, ganaderos, instituciones educativas y representantes de distintos sectores rurales, se llev\u00f3 a cabo la reuni\u00f3n del Consejo de Desarrollo Rural Sustentable del municipio de Delicias, inform\u00f3 Julio Luj\u00e1n, responsable del \u00e1rea agropecuaria del Instituto Municipal de Desarrollo Econ\u00f3mico y Agropecuario (IDEA).<\/p>\n<p>La reuni\u00f3n, que responde a lo establecido por la Ley de Desarrollo Rural Sustentable, tuvo como objetivo informar sobre programas vigentes, escuchar problem\u00e1ticas del sector y establecer acuerdos de colaboraci\u00f3n. \u201cTuvimos una muy buena asistencia y di\u00e1logo abierto con todos los sectores invitados\u201d, destac\u00f3 Luj\u00e1n.<\/p>\n<p>Durante el encuentro, representantes de SADER expusieron apoyos como el subsidio a la energ\u00eda el\u00e9ctrica y programas como PEGUA. Tambi\u00e9n se abord\u00f3 la problem\u00e1tica del gusano barrenador, con miras a establecer estrategias de capacitaci\u00f3n para su control, mientras que la Secretar\u00eda de Desarrollo Rural present\u00f3 convocatorias activas.<\/p>\n<p>Por parte del IDEA se promovieron programas municipales impulsados por el alcalde Jes\u00fas Valenciano, como el pago por servicios ambientales, el cual iniciar\u00e1 pr\u00f3ximamente con el apoyo de Gobierno del Estado, productores y empresas privadas. Tambi\u00e9n se presentaron acciones como el an\u00e1lisis de suelos y convenios que buscan fortalecer el sector rural.<\/p>\n<p>Finalmente, se acord\u00f3 dar seguimiento puntual a los temas tratados y convocar a una pr\u00f3xima reuni\u00f3n, en la que se continuar\u00e1n analizando soluciones para las problem\u00e1ticas planteadas. \u201cEste consejo es un ejercicio permanente de di\u00e1logo y gesti\u00f3n, para fortalecer el campo de Delicias\u201d, concluy\u00f3 Julio Luj\u00e1n.<\/p>\n","protected":false},"excerpt":{"rendered":"<p>Con la participaci\u00f3n de productores agr\u00edcolas, apicultores, ganaderos, instituciones educativas y representantes de distintos sectores rurales, se llev\u00f3 a cabo la reuni\u00f3n del Consejo de Desarrollo Rural Sustentable del municipio de Delicias, inform\u00f3 Julio Luj\u00e1n, responsable del \u00e1rea agropecuaria del Instituto Municipal de Desarrollo Econ\u00f3mico y Agropecuario (IDEA). La reuni\u00f3n, que responde a lo establecido por la Ley de Desarrollo Rural Sustentable, tuvo como objetivo informar sobre programas vigentes, escuchar problem\u00e1ticas del sector y establecer acuerdos de colaboraci\u00f3n. \u201cTuvimos una muy buena asistencia y di\u00e1logo abierto con todos los sectores invitados\u201d, destac\u00f3 Luj\u00e1n. Durante el encuentro, representantes de SADER expusieron apoyos como el subsidio a la energ\u00eda el\u00e9ctrica y programas como PEGUA. Tambi\u00e9n se abord\u00f3 la problem\u00e1tica del gusano barrenador, con miras a establecer estrategias de capacitaci\u00f3n para su control, mientras que la Secretar\u00eda de Desarrollo Rural present\u00f3 convocatorias activas. Por parte del IDEA se promovieron programas municipales impulsados por el alcalde Jes\u00fas Valenciano, como el pago por servicios ambientales, el cual iniciar\u00e1 pr\u00f3ximamente con el apoyo de Gobierno del Estado, productores y empresas privadas. Tambi\u00e9n se presentaron acciones como el an\u00e1lisis de suelos y convenios que buscan fortalecer el sector rural. Finalmente, se acord\u00f3 dar seguimiento puntual a los temas tratados y convocar a una pr\u00f3xima reuni\u00f3n, en la que se continuar\u00e1n analizando soluciones para las problem\u00e1ticas planteadas. \u201cEste consejo es un ejercicio permanente de di\u00e1logo y gesti\u00f3n, para fortalecer el campo de Delicias\u201d, concluy\u00f3 Julio Luj\u00e1n.<\/p>\n","protected":false},"author":2,"featured_media":15373,"comment_status":"open","ping_status":"open","sticky":false,"template":"","format":"standard","meta":{"_monsterinsights_skip_tracking":false,"_monsterinsights_sitenote_active":false,"_monsterinsights_sitenote_note":"","_monsterinsights_sitenote_category":0,"advanced_seo_description":"","jetpack_seo_html_title":"","jetpack_seo_noindex":false,"_jetpack_memberships_contains_paid_content":false,"footnotes":"","jetpack_publicize_message":"","jetpack_publicize_feature_enabled":true,"jetpack_social_post_already_shared":true,"jetpack_social_options":{"image_generator_settings":{"template":"highway","enabled":false},"version":2}},"categories":[135,7,11],"tags":[],"class_list":["post-15372","post","type-post","status-publish","format-standard","has-post-thumbnail","hentry","category-lo-mas-leido","category-local","category-principal"],"jetpack_publicize_connections":[],"jetpack_sharing_enabled":true,"jetpack_featured_media_url":"https:\/\/i0.wp.com\/alcierrenoticias.com\/wp-content\/uploads\/2025\/06\/WhatsApp-Image-2025-06-04-at-12.35.12-PM.jpeg?fit=1600%2C1066&ssl=1","amp_enabled":true,"_links":{"self":[{"href":"https:\/\/alcierrenoticias.com\/index.php\/wp-json\/wp\/v2\/posts\/15372","targetHints":{"allow":["GET"]}}],"collection":[{"href":"https:\/\/alcierrenoticias.com\/index.php\/wp-json\/wp\/v2\/posts"}],"about":[{"href":"https:\/\/alcierrenoticias.com\/index.php\/wp-json\/wp\/v2\/types\/post"}],"author":[{"embeddable":true,"href":"https:\/\/alcierrenoticias.com\/index.php\/wp-json\/wp\/v2\/users\/2"}],"replies":[{"embeddable":true,"href":"https:\/\/alcierrenoticias.com\/index.php\/wp-json\/wp\/v2\/comments?post=15372"}],"version-history":[{"count":2,"href":"https:\/\/alcierrenoticias.com\/index.php\/wp-json\/wp\/v2\/posts\/15372\/revisions"}],"predecessor-version":[{"id":15375,"href":"https:\/\/alcierrenoticias.com\/index.php\/wp-json\/wp\/v2\/posts\/15372\/revisions\/15375"}],"wp:featuredmedia":[{"embeddable":true,"href":"https:\/\/alcierrenoticias.com\/index.php\/wp-json\/wp\/v2\/media\/15373"}],"wp:attachment":[{"href":"https:\/\/alcierrenoticias.com\/index.php\/wp-json\/wp\/v2\/media?parent=15372"}],"wp:term":[{"taxonomy":"category","embeddable":true,"href":"https:\/\/alcierrenoticias.com\/index.php\/wp-json\/wp\/v2\/categories?post=15372"},{"taxonomy":"post_tag","embeddable":true,"href":"https:\/\/alcierrenoticias.com\/index.php\/wp-json\/wp\/v2\/tags?post=15372"}],"curies":[{"name":"wp","href":"https:\/\/api.w.org\/{rel}","templated":true}]}}