{"id":15368,"date":"2025-06-04T11:44:50","date_gmt":"2025-06-04T17:44:50","guid":{"rendered":"https:\/\/alcierrenoticias.com\/?p=15368"},"modified":"2025-06-05T14:47:20","modified_gmt":"2025-06-05T20:47:20","slug":"cuadrillas-del-programa-de-ocupacion-temporal-apoyan-en-la-limpieza-del-panteon-municipal-de-cmargo","status":"publish","type":"post","link":"https:\/\/alcierrenoticias.com\/index.php\/2025\/06\/04\/cuadrillas-del-programa-de-ocupacion-temporal-apoyan-en-la-limpieza-del-panteon-municipal-de-cmargo\/","title":{"rendered":"Cuadrillas del programa de ocupaci\u00f3n temporal apoyan en la limpieza del pante\u00f3n municipal de Cmargo."},"content":{"rendered":"<p>Como parte de las acciones de mejora y mantenimiento de los espacios p\u00fablicos, cuadrillas del Programa de Ocupaci\u00f3n Temporal se encuentran realizando labores de limpieza en el pante\u00f3n municipal de camargo, sum\u00e1ndose al trabajo que diariamente realizan las cuadrillas de la Direcci\u00f3n de Servicios Municipales.<\/p>\n<p>Estas tareas buscan reforzar la atenci\u00f3n en este espacio tan importante para las y los camarguenses, especialmente en esta temporada en que la afluencia al lugar incrementa por diversos motivos.<\/p>\n<p>Con estas acciones, se avanza en la conservaci\u00f3n de un entorno digno, limpio y seguro para quienes visitan a sus seres queridos, adem\u00e1s de brindar oportunidades laborales temporales a personas que lo necesitan, a trav\u00e9s del programa que ha sido implementado por esta administraci\u00f3n.<\/p>\n<p>El presidente municipal, Jorge Aldana, destac\u00f3 la importancia de este tipo de colaboraciones:<br \/>\n\u201cNos comprometimos a mantener los espacios p\u00fablicos en buen estado, y eso implica sumar esfuerzos. Este programa no solo mejora el entorno, tambi\u00e9n genera empleos temporales que son un apoyo real para muchas familias camarguenses,\u201d se\u00f1al\u00f3.<\/p>\n<p>El trabajo coordinado entre ambas cuadrillas refleja el compromiso por mantener los espacios en condiciones \u00f3ptimas, con el objetivo de seguir construyendo un Camargo m\u00e1s ordenado y limpio para todos.<\/p>\n","protected":false},"excerpt":{"rendered":"<p>Como parte de las acciones de mejora y mantenimiento de los espacios p\u00fablicos, cuadrillas del Programa de Ocupaci\u00f3n Temporal se encuentran realizando labores de limpieza en el pante\u00f3n municipal de camargo, sum\u00e1ndose al trabajo que diariamente realizan las cuadrillas de la Direcci\u00f3n de Servicios Municipales. Estas tareas buscan reforzar la atenci\u00f3n en este espacio tan importante para las y los camarguenses, especialmente en esta temporada en que la afluencia al lugar incrementa por diversos motivos. Con estas acciones, se avanza en la conservaci\u00f3n de un entorno digno, limpio y seguro para quienes visitan a sus seres queridos, adem\u00e1s de brindar oportunidades laborales temporales a personas que lo necesitan, a trav\u00e9s del programa que ha sido implementado por esta administraci\u00f3n. El presidente municipal, Jorge Aldana, destac\u00f3 la importancia de este tipo de colaboraciones: \u201cNos comprometimos a mantener los espacios p\u00fablicos en buen estado, y eso implica sumar esfuerzos. Este programa no solo mejora el entorno, tambi\u00e9n genera empleos temporales que son un apoyo real para muchas familias camarguenses,\u201d se\u00f1al\u00f3. El trabajo coordinado entre ambas cuadrillas refleja el compromiso por mantener los espacios en condiciones \u00f3ptimas, con el objetivo de seguir construyendo un Camargo m\u00e1s ordenado y limpio para todos.<\/p>\n","protected":false},"author":2,"featured_media":15369,"comment_status":"open","ping_status":"open","sticky":false,"template":"","format":"standard","meta":{"_monsterinsights_skip_tracking":false,"_monsterinsights_sitenote_active":false,"_monsterinsights_sitenote_note":"","_monsterinsights_sitenote_category":0,"advanced_seo_description":"","jetpack_seo_html_title":"","jetpack_seo_noindex":false,"_jetpack_memberships_contains_paid_content":false,"footnotes":"","jetpack_publicize_message":"","jetpack_publicize_feature_enabled":true,"jetpack_social_post_already_shared":true,"jetpack_social_options":{"image_generator_settings":{"template":"highway","enabled":false},"version":2}},"categories":[8,135,11],"tags":[],"class_list":["post-15368","post","type-post","status-publish","format-standard","has-post-thumbnail","hentry","category-estado","category-lo-mas-leido","category-principal"],"jetpack_publicize_connections":[],"jetpack_sharing_enabled":true,"jetpack_featured_media_url":"https:\/\/i0.wp.com\/alcierrenoticias.com\/wp-content\/uploads\/2025\/06\/WhatsApp-Image-2025-06-04-at-11.31.26-AM.jpeg?fit=1600%2C1066&ssl=1","amp_enabled":true,"_links":{"self":[{"href":"https:\/\/alcierrenoticias.com\/index.php\/wp-json\/wp\/v2\/posts\/15368","targetHints":{"allow":["GET"]}}],"collection":[{"href":"https:\/\/alcierrenoticias.com\/index.php\/wp-json\/wp\/v2\/posts"}],"about":[{"href":"https:\/\/alcierrenoticias.com\/index.php\/wp-json\/wp\/v2\/types\/post"}],"author":[{"embeddable":true,"href":"https:\/\/alcierrenoticias.com\/index.php\/wp-json\/wp\/v2\/users\/2"}],"replies":[{"embeddable":true,"href":"https:\/\/alcierrenoticias.com\/index.php\/wp-json\/wp\/v2\/comments?post=15368"}],"version-history":[{"count":2,"href":"https:\/\/alcierrenoticias.com\/index.php\/wp-json\/wp\/v2\/posts\/15368\/revisions"}],"predecessor-version":[{"id":15371,"href":"https:\/\/alcierrenoticias.com\/index.php\/wp-json\/wp\/v2\/posts\/15368\/revisions\/15371"}],"wp:featuredmedia":[{"embeddable":true,"href":"https:\/\/alcierrenoticias.com\/index.php\/wp-json\/wp\/v2\/media\/15369"}],"wp:attachment":[{"href":"https:\/\/alcierrenoticias.com\/index.php\/wp-json\/wp\/v2\/media?parent=15368"}],"wp:term":[{"taxonomy":"category","embeddable":true,"href":"https:\/\/alcierrenoticias.com\/index.php\/wp-json\/wp\/v2\/categories?post=15368"},{"taxonomy":"post_tag","embeddable":true,"href":"https:\/\/alcierrenoticias.com\/index.php\/wp-json\/wp\/v2\/tags?post=15368"}],"curies":[{"name":"wp","href":"https:\/\/api.w.org\/{rel}","templated":true}]}}