{"id":15360,"date":"2025-06-04T09:04:28","date_gmt":"2025-06-04T15:04:28","guid":{"rendered":"https:\/\/alcierrenoticias.com\/?p=15360"},"modified":"2025-06-05T14:42:39","modified_gmt":"2025-06-05T20:42:39","slug":"solicita-alcalde-licencia-temporal-de-10-dias-regidor-mario-mata-asume-funciones","status":"publish","type":"post","link":"https:\/\/alcierrenoticias.com\/index.php\/2025\/06\/04\/solicita-alcalde-licencia-temporal-de-10-dias-regidor-mario-mata-asume-funciones\/","title":{"rendered":"Solicita alcalde licencia temporal de 10 d\u00edas; regidor Mario Mata asume funciones."},"content":{"rendered":"<p>En sesi\u00f3n extraordinaria de Cabildo, el presidente municipal de Delicias, Jes\u00fas Valenciano Garc\u00eda, solicit\u00f3 licencia temporal por un periodo de 10 d\u00edas para atender asuntos personales, dejando en su lugar al regidor Mario Alberto Mata Lic\u00f3n como encargado del despacho.<\/p>\n<p>La solicitud que inicia este pr\u00f3ximo lunes fue presentada y aprobada durante la sesi\u00f3n extraordinaria n\u00famero 7, celebrada en la sala de Cabildo, donde se cont\u00f3 con la participaci\u00f3n de los miembros del Ayuntamiento.<\/p>\n<p>Jes\u00fas Valenciano agradeci\u00f3 el respaldo de los regidores y reiter\u00f3 su compromiso con el municipio, asegurando que su ausencia ser\u00e1 breve y necesaria para resolver temas de car\u00e1cter personal que requieren su atenci\u00f3n.<\/p>\n<p>Por su parte, Mario Mata asumir\u00e1 de manera formal la responsabilidad del despacho de la Presidencia Municipal, con la encomienda de dar continuidad a las labores y proyectos en curso durante este breve periodo.<\/p>\n<p>El Gobierno Municipal de Delicias continuar\u00e1 operando con normalidad, reafirmando su compromiso con la ciudadan\u00eda y con el desarrollo de los programas en beneficio de la comunidad.<\/p>\n","protected":false},"excerpt":{"rendered":"<p>En sesi\u00f3n extraordinaria de Cabildo, el presidente municipal de Delicias, Jes\u00fas Valenciano Garc\u00eda, solicit\u00f3 licencia temporal por un periodo de 10 d\u00edas para atender asuntos personales, dejando en su lugar al regidor Mario Alberto Mata Lic\u00f3n como encargado del despacho. La solicitud que inicia este pr\u00f3ximo lunes fue presentada y aprobada durante la sesi\u00f3n extraordinaria n\u00famero 7, celebrada en la sala de Cabildo, donde se cont\u00f3 con la participaci\u00f3n de los miembros del Ayuntamiento. Jes\u00fas Valenciano agradeci\u00f3 el respaldo de los regidores y reiter\u00f3 su compromiso con el municipio, asegurando que su ausencia ser\u00e1 breve y necesaria para resolver temas de car\u00e1cter personal que requieren su atenci\u00f3n. Por su parte, Mario Mata asumir\u00e1 de manera formal la responsabilidad del despacho de la Presidencia Municipal, con la encomienda de dar continuidad a las labores y proyectos en curso durante este breve periodo. El Gobierno Municipal de Delicias continuar\u00e1 operando con normalidad, reafirmando su compromiso con la ciudadan\u00eda y con el desarrollo de los programas en beneficio de la comunidad.<\/p>\n","protected":false},"author":2,"featured_media":15361,"comment_status":"open","ping_status":"open","sticky":false,"template":"","format":"standard","meta":{"_monsterinsights_skip_tracking":false,"_monsterinsights_sitenote_active":false,"_monsterinsights_sitenote_note":"","_monsterinsights_sitenote_category":0,"advanced_seo_description":"","jetpack_seo_html_title":"","jetpack_seo_noindex":false,"_jetpack_memberships_contains_paid_content":false,"footnotes":"","jetpack_publicize_message":"","jetpack_publicize_feature_enabled":true,"jetpack_social_post_already_shared":true,"jetpack_social_options":{"image_generator_settings":{"template":"highway","enabled":false},"version":2}},"categories":[135,7,11],"tags":[],"class_list":["post-15360","post","type-post","status-publish","format-standard","has-post-thumbnail","hentry","category-lo-mas-leido","category-local","category-principal"],"jetpack_publicize_connections":[],"jetpack_sharing_enabled":true,"jetpack_featured_media_url":"https:\/\/i0.wp.com\/alcierrenoticias.com\/wp-content\/uploads\/2025\/06\/WhatsApp-Image-2025-06-04-at-8.27.09-AM.jpeg?fit=1600%2C1200&ssl=1","amp_enabled":true,"_links":{"self":[{"href":"https:\/\/alcierrenoticias.com\/index.php\/wp-json\/wp\/v2\/posts\/15360","targetHints":{"allow":["GET"]}}],"collection":[{"href":"https:\/\/alcierrenoticias.com\/index.php\/wp-json\/wp\/v2\/posts"}],"about":[{"href":"https:\/\/alcierrenoticias.com\/index.php\/wp-json\/wp\/v2\/types\/post"}],"author":[{"embeddable":true,"href":"https:\/\/alcierrenoticias.com\/index.php\/wp-json\/wp\/v2\/users\/2"}],"replies":[{"embeddable":true,"href":"https:\/\/alcierrenoticias.com\/index.php\/wp-json\/wp\/v2\/comments?post=15360"}],"version-history":[{"count":2,"href":"https:\/\/alcierrenoticias.com\/index.php\/wp-json\/wp\/v2\/posts\/15360\/revisions"}],"predecessor-version":[{"id":15363,"href":"https:\/\/alcierrenoticias.com\/index.php\/wp-json\/wp\/v2\/posts\/15360\/revisions\/15363"}],"wp:featuredmedia":[{"embeddable":true,"href":"https:\/\/alcierrenoticias.com\/index.php\/wp-json\/wp\/v2\/media\/15361"}],"wp:attachment":[{"href":"https:\/\/alcierrenoticias.com\/index.php\/wp-json\/wp\/v2\/media?parent=15360"}],"wp:term":[{"taxonomy":"category","embeddable":true,"href":"https:\/\/alcierrenoticias.com\/index.php\/wp-json\/wp\/v2\/categories?post=15360"},{"taxonomy":"post_tag","embeddable":true,"href":"https:\/\/alcierrenoticias.com\/index.php\/wp-json\/wp\/v2\/tags?post=15360"}],"curies":[{"name":"wp","href":"https:\/\/api.w.org\/{rel}","templated":true}]}}