{"id":15313,"date":"2025-06-02T22:25:58","date_gmt":"2025-06-03T04:25:58","guid":{"rendered":"https:\/\/alcierrenoticias.com\/?p=15313"},"modified":"2025-06-02T22:26:32","modified_gmt":"2025-06-03T04:26:32","slug":"pri-delicias-continua-su-ciclo-de-platicas-de-salud-mental-con-conferencia-sobre-la-vision-de-la-muerte-y-anuncia-dos-proximos-eventos-este-mes","status":"publish","type":"post","link":"https:\/\/alcierrenoticias.com\/index.php\/2025\/06\/02\/pri-delicias-continua-su-ciclo-de-platicas-de-salud-mental-con-conferencia-sobre-la-vision-de-la-muerte-y-anuncia-dos-proximos-eventos-este-mes\/","title":{"rendered":"PRI Delicias contin\u00faa su ciclo de pl\u00e1ticas de salud mental con conferencia sobre la visi\u00f3n de la muerte y anuncia dos pr\u00f3ximos eventos este mes"},"content":{"rendered":"<p>El Partido Revolucionario Institucional (PRI) en Delicias, fortaleciendo su compromiso con la salud mental de la comunidad a trav\u00e9s de un ciclo continuo de pl\u00e1ticas informativas, tiene el agrado de invitar a su pr\u00f3xima conferencia: \u201cMuerte: ni premio, ni castigo\u201d.<\/p>\n<p>Esta enriquecedora charla, que se suma a las iniciativas previas del partido en esta importante \u00e1rea, ser\u00e1 impartida por la reconocida tanat\u00f3loga Norma Moreno, quien ofrecer\u00e1 una reflexi\u00f3n profunda y transformadora sobre el final de la vida, buscando generar entendimiento, acompa\u00f1amiento y empat\u00eda en los asistentes.<\/p>\n<p>El evento se llevar\u00e1 a cabo el pr\u00f3ximo jueves 5 de junio de 2025, a las 7:00 p.m., en el Auditorio del PRI, ubicado en Av. 2a y Calle 10A, #1000, FOVISSSTE 1.<\/p>\n<p>&#8220;Hemos estado ofreciendo estas pl\u00e1ticas con el objetivo de brindar herramientas y generar conciencia sobre diversos aspectos de la salud mental, y esta conferencia sobre la visi\u00f3n de la muerte es una parte importante de ello&#8221; expres\u00f3 Luis Carlos Loya, Presidente del PRI en Delicias<\/p>\n<p>Adem\u00e1s, anunciamos que nuestro ciclo de pl\u00e1ticas continuar\u00e1 este mes con dos importantes eventos: uno enfocado en la prevenci\u00f3n del suicidio y otro sobre autismo, TDAH y epilepsia (neurodesarrollo), de los cuales daremos m\u00e1s detalles pr\u00f3ximamente.<\/p>\n<p>Invitamos a los medios de comunicaci\u00f3n y a la ciudadan\u00eda en general a asistir a esta significativa conferencia.<\/p>\n<p>DETALLES DEL EVENTO:<\/p>\n<p>Evento: Conferencia \u201cMuerte: ni premio, ni castigo\u201d<br \/>\nPonente: Tanat\u00f3loga Norma Moreno<br \/>\nFecha: Jueves 5 de junio de 2025<br \/>\nHora: 7:00 p.m.<br \/>\nLugar: Auditorio del PRI (Av. 2a y Calle 10A, #1000, FOVISSSTE 1)<br \/>\nPR\u00d3XIMOS EVENTOS (Junio):<\/p>\n<p>Pl\u00e1tica sobre Prevenci\u00f3n del Suicidio (detalles por confirmar).<br \/>\nPl\u00e1tica sobre Autismo, TDAH y Epilepsia (Neurodesarrollo) (detalles por confirmar).<\/p>\n","protected":false},"excerpt":{"rendered":"<p>El Partido Revolucionario Institucional (PRI) en Delicias, fortaleciendo su compromiso con la salud mental de la comunidad a trav\u00e9s de un ciclo continuo de pl\u00e1ticas informativas, tiene el agrado de invitar a su pr\u00f3xima conferencia: \u201cMuerte: ni premio, ni castigo\u201d. Esta enriquecedora charla, que se suma a las iniciativas previas del partido en esta importante \u00e1rea, ser\u00e1 impartida por la reconocida tanat\u00f3loga Norma Moreno, quien ofrecer\u00e1 una reflexi\u00f3n profunda y transformadora sobre el final de la vida, buscando generar entendimiento, acompa\u00f1amiento y empat\u00eda en los asistentes. El evento se llevar\u00e1 a cabo el pr\u00f3ximo jueves 5 de junio de 2025, a las 7:00 p.m., en el Auditorio del PRI, ubicado en Av. 2a y Calle 10A, #1000, FOVISSSTE 1. &#8220;Hemos estado ofreciendo estas pl\u00e1ticas con el objetivo de brindar herramientas y generar conciencia sobre diversos aspectos de la salud mental, y esta conferencia sobre la visi\u00f3n de la muerte es una parte importante de ello&#8221; expres\u00f3 Luis Carlos Loya, Presidente del PRI en Delicias Adem\u00e1s, anunciamos que nuestro ciclo de pl\u00e1ticas continuar\u00e1 este mes con dos importantes eventos: uno enfocado en la prevenci\u00f3n del suicidio y otro sobre autismo, TDAH y epilepsia (neurodesarrollo), de los cuales daremos m\u00e1s detalles pr\u00f3ximamente. Invitamos a los medios de comunicaci\u00f3n y a la ciudadan\u00eda en general a asistir a esta significativa conferencia. DETALLES DEL EVENTO: Evento: Conferencia \u201cMuerte: ni premio, ni castigo\u201d Ponente: Tanat\u00f3loga Norma Moreno Fecha: Jueves 5 de junio de 2025 Hora: 7:00 p.m. Lugar: Auditorio del PRI (Av. 2a y Calle 10A, #1000, FOVISSSTE 1) PR\u00d3XIMOS EVENTOS (Junio): Pl\u00e1tica sobre Prevenci\u00f3n del Suicidio (detalles por confirmar). Pl\u00e1tica sobre Autismo, TDAH y Epilepsia (Neurodesarrollo) (detalles por confirmar).<\/p>\n","protected":false},"author":2,"featured_media":15314,"comment_status":"open","ping_status":"open","sticky":false,"template":"","format":"standard","meta":{"_monsterinsights_skip_tracking":false,"_monsterinsights_sitenote_active":false,"_monsterinsights_sitenote_note":"","_monsterinsights_sitenote_category":0,"advanced_seo_description":"","jetpack_seo_html_title":"","jetpack_seo_noindex":false,"_jetpack_memberships_contains_paid_content":false,"footnotes":"","jetpack_publicize_message":"","jetpack_publicize_feature_enabled":true,"jetpack_social_post_already_shared":true,"jetpack_social_options":{"image_generator_settings":{"template":"highway","enabled":false},"version":2}},"categories":[135,7,11],"tags":[],"class_list":["post-15313","post","type-post","status-publish","format-standard","has-post-thumbnail","hentry","category-lo-mas-leido","category-local","category-principal"],"jetpack_publicize_connections":[],"jetpack_sharing_enabled":true,"jetpack_featured_media_url":"https:\/\/i0.wp.com\/alcierrenoticias.com\/wp-content\/uploads\/2025\/06\/WhatsApp-Image-2025-06-02-at-6.31.00-PM-e1748924783181.jpeg?fit=400%2C561&ssl=1","amp_enabled":true,"_links":{"self":[{"href":"https:\/\/alcierrenoticias.com\/index.php\/wp-json\/wp\/v2\/posts\/15313","targetHints":{"allow":["GET"]}}],"collection":[{"href":"https:\/\/alcierrenoticias.com\/index.php\/wp-json\/wp\/v2\/posts"}],"about":[{"href":"https:\/\/alcierrenoticias.com\/index.php\/wp-json\/wp\/v2\/types\/post"}],"author":[{"embeddable":true,"href":"https:\/\/alcierrenoticias.com\/index.php\/wp-json\/wp\/v2\/users\/2"}],"replies":[{"embeddable":true,"href":"https:\/\/alcierrenoticias.com\/index.php\/wp-json\/wp\/v2\/comments?post=15313"}],"version-history":[{"count":2,"href":"https:\/\/alcierrenoticias.com\/index.php\/wp-json\/wp\/v2\/posts\/15313\/revisions"}],"predecessor-version":[{"id":15316,"href":"https:\/\/alcierrenoticias.com\/index.php\/wp-json\/wp\/v2\/posts\/15313\/revisions\/15316"}],"wp:featuredmedia":[{"embeddable":true,"href":"https:\/\/alcierrenoticias.com\/index.php\/wp-json\/wp\/v2\/media\/15314"}],"wp:attachment":[{"href":"https:\/\/alcierrenoticias.com\/index.php\/wp-json\/wp\/v2\/media?parent=15313"}],"wp:term":[{"taxonomy":"category","embeddable":true,"href":"https:\/\/alcierrenoticias.com\/index.php\/wp-json\/wp\/v2\/categories?post=15313"},{"taxonomy":"post_tag","embeddable":true,"href":"https:\/\/alcierrenoticias.com\/index.php\/wp-json\/wp\/v2\/tags?post=15313"}],"curies":[{"name":"wp","href":"https:\/\/api.w.org\/{rel}","templated":true}]}}