{"id":15301,"date":"2025-06-02T10:03:48","date_gmt":"2025-06-02T16:03:48","guid":{"rendered":"https:\/\/alcierrenoticias.com\/?p=15301"},"modified":"2025-06-02T22:16:23","modified_gmt":"2025-06-03T04:16:23","slug":"por-concluir-instalacion-de-mobiliario-urbano-y-quitado-de-cableado-aereo-en-paseo-zaragoza-de-meoqui","status":"publish","type":"post","link":"https:\/\/alcierrenoticias.com\/index.php\/2025\/06\/02\/por-concluir-instalacion-de-mobiliario-urbano-y-quitado-de-cableado-aereo-en-paseo-zaragoza-de-meoqui\/","title":{"rendered":"Por concluir instalaci\u00f3n de mobiliario urbano y quitado de cableado a\u00e9reo en Paseo Zaragoza de Meoqui."},"content":{"rendered":"<p>Concluye reforestaci\u00f3n de m\u00e1s de 140 \u00e1rboles<\/p>\n<p>En Meoqui se encuentran preparando los \u00faltimos del Paseo Zaragoza, esta por concluir el retiro del cableado a\u00e9reo de la CFE y empresas de telecomunicaciones, adem\u00e1s de la instalaci\u00f3n de mobiliario urbano.<\/p>\n<p>Ulises Escobar, director de Obras P\u00fablicas de Meoqui, destac\u00f3 que esta obra responde a la visi\u00f3n de la alcaldesa Miriam Soto de mejorar la imagen urbana y garantizar una circulaci\u00f3n segura y fluida, tanto para peatones como para automovilistas, agregando que actualmente, el flujo vehicular en la zona ya se ha restablecido casi en su totalidad, con cruces peatonales tipo pompeyano, banquetas y \u00e1reas de estacionamiento en operaci\u00f3n.<\/p>\n<p>Asimismo, a\u00f1adi\u00f3 que se ha iniciado la colocaci\u00f3n del equipamiento urbano, como racks para bicicletas, bancas y otros elementos que forman parte del proyecto de mejoramiento de imagen urbana.<\/p>\n<p>En cuanto al cableado, el funcionario indic\u00f3 que se ha avanzado en un 90% en la inducci\u00f3n subterr\u00e1nea de l\u00edneas tanto de telecomunicaciones como de la CFE, lo cual ha permitido el retiro de la mayor\u00eda del cableado a\u00e9reo y postes en la zona intervenida.<\/p>\n<p>Tambi\u00e9n inform\u00f3 sobre la pr\u00f3xima instalaci\u00f3n de sem\u00e1foros en los cruces de Zaragoza con Aldama y Zaragoza con Doblado. Aunque estos forman parte del proyecto Aldama-Bugambilias, su colocaci\u00f3n se hab\u00eda pospuesto por las obras en Paseo Zaragoza. Ya se cuenta con el equipo necesario y se trabaja en la preparaci\u00f3n de las bases para su instalaci\u00f3n.<\/p>\n<p>Finalmente, resalt\u00f3 que esta nueva Rehabilitaci\u00f3n cuenta con una reforestaci\u00f3n seis veces mayor a la existente anteriormente, siendo un espacio importante para el esparcimiento de las familias meoquenses.<\/p>\n","protected":false},"excerpt":{"rendered":"<p>Concluye reforestaci\u00f3n de m\u00e1s de 140 \u00e1rboles En Meoqui se encuentran preparando los \u00faltimos del Paseo Zaragoza, esta por concluir el retiro del cableado a\u00e9reo de la CFE y empresas de telecomunicaciones, adem\u00e1s de la instalaci\u00f3n de mobiliario urbano. Ulises Escobar, director de Obras P\u00fablicas de Meoqui, destac\u00f3 que esta obra responde a la visi\u00f3n de la alcaldesa Miriam Soto de mejorar la imagen urbana y garantizar una circulaci\u00f3n segura y fluida, tanto para peatones como para automovilistas, agregando que actualmente, el flujo vehicular en la zona ya se ha restablecido casi en su totalidad, con cruces peatonales tipo pompeyano, banquetas y \u00e1reas de estacionamiento en operaci\u00f3n. Asimismo, a\u00f1adi\u00f3 que se ha iniciado la colocaci\u00f3n del equipamiento urbano, como racks para bicicletas, bancas y otros elementos que forman parte del proyecto de mejoramiento de imagen urbana. En cuanto al cableado, el funcionario indic\u00f3 que se ha avanzado en un 90% en la inducci\u00f3n subterr\u00e1nea de l\u00edneas tanto de telecomunicaciones como de la CFE, lo cual ha permitido el retiro de la mayor\u00eda del cableado a\u00e9reo y postes en la zona intervenida. Tambi\u00e9n inform\u00f3 sobre la pr\u00f3xima instalaci\u00f3n de sem\u00e1foros en los cruces de Zaragoza con Aldama y Zaragoza con Doblado. Aunque estos forman parte del proyecto Aldama-Bugambilias, su colocaci\u00f3n se hab\u00eda pospuesto por las obras en Paseo Zaragoza. Ya se cuenta con el equipo necesario y se trabaja en la preparaci\u00f3n de las bases para su instalaci\u00f3n. Finalmente, resalt\u00f3 que esta nueva Rehabilitaci\u00f3n cuenta con una reforestaci\u00f3n seis veces mayor a la existente anteriormente, siendo un espacio importante para el esparcimiento de las familias meoquenses.<\/p>\n","protected":false},"author":2,"featured_media":15302,"comment_status":"open","ping_status":"open","sticky":false,"template":"","format":"standard","meta":{"_monsterinsights_skip_tracking":false,"_monsterinsights_sitenote_active":false,"_monsterinsights_sitenote_note":"","_monsterinsights_sitenote_category":0,"advanced_seo_description":"","jetpack_seo_html_title":"","jetpack_seo_noindex":false,"_jetpack_memberships_contains_paid_content":false,"footnotes":"","jetpack_publicize_message":"","jetpack_publicize_feature_enabled":true,"jetpack_social_post_already_shared":true,"jetpack_social_options":{"image_generator_settings":{"template":"highway","enabled":false},"version":2}},"categories":[135,7,11],"tags":[],"class_list":["post-15301","post","type-post","status-publish","format-standard","has-post-thumbnail","hentry","category-lo-mas-leido","category-local","category-principal"],"jetpack_publicize_connections":[],"jetpack_sharing_enabled":true,"jetpack_featured_media_url":"https:\/\/i0.wp.com\/alcierrenoticias.com\/wp-content\/uploads\/2025\/06\/WhatsApp-Image-2025-06-02-at-9.57.03-AM.jpeg?fit=1280%2C853&ssl=1","amp_enabled":true,"_links":{"self":[{"href":"https:\/\/alcierrenoticias.com\/index.php\/wp-json\/wp\/v2\/posts\/15301","targetHints":{"allow":["GET"]}}],"collection":[{"href":"https:\/\/alcierrenoticias.com\/index.php\/wp-json\/wp\/v2\/posts"}],"about":[{"href":"https:\/\/alcierrenoticias.com\/index.php\/wp-json\/wp\/v2\/types\/post"}],"author":[{"embeddable":true,"href":"https:\/\/alcierrenoticias.com\/index.php\/wp-json\/wp\/v2\/users\/2"}],"replies":[{"embeddable":true,"href":"https:\/\/alcierrenoticias.com\/index.php\/wp-json\/wp\/v2\/comments?post=15301"}],"version-history":[{"count":2,"href":"https:\/\/alcierrenoticias.com\/index.php\/wp-json\/wp\/v2\/posts\/15301\/revisions"}],"predecessor-version":[{"id":15304,"href":"https:\/\/alcierrenoticias.com\/index.php\/wp-json\/wp\/v2\/posts\/15301\/revisions\/15304"}],"wp:featuredmedia":[{"embeddable":true,"href":"https:\/\/alcierrenoticias.com\/index.php\/wp-json\/wp\/v2\/media\/15302"}],"wp:attachment":[{"href":"https:\/\/alcierrenoticias.com\/index.php\/wp-json\/wp\/v2\/media?parent=15301"}],"wp:term":[{"taxonomy":"category","embeddable":true,"href":"https:\/\/alcierrenoticias.com\/index.php\/wp-json\/wp\/v2\/categories?post=15301"},{"taxonomy":"post_tag","embeddable":true,"href":"https:\/\/alcierrenoticias.com\/index.php\/wp-json\/wp\/v2\/tags?post=15301"}],"curies":[{"name":"wp","href":"https:\/\/api.w.org\/{rel}","templated":true}]}}