{"id":15297,"date":"2025-06-01T21:00:48","date_gmt":"2025-06-02T03:00:48","guid":{"rendered":"https:\/\/alcierrenoticias.com\/?p=15297"},"modified":"2025-06-02T22:13:17","modified_gmt":"2025-06-03T04:13:17","slug":"realizan-con-exito-en-delicias-festival-de-artes-marciales-con-mas-de-300-competidores","status":"publish","type":"post","link":"https:\/\/alcierrenoticias.com\/index.php\/2025\/06\/01\/realizan-con-exito-en-delicias-festival-de-artes-marciales-con-mas-de-300-competidores\/","title":{"rendered":"Realizan con \u00e9xito en Delicias Festival de Artes Marciales con m\u00e1s de 300 competidores."},"content":{"rendered":"<p>Con la presencia de m\u00e1s de 300 peleadores de todo el estado, este s\u00e1bado se llev\u00f3 a cabo el Festival de Artes Marciales en el Gimnasio Municipal de Delicias, evento encabezado por el presidente municipal Jes\u00fas Valenciano Garc\u00eda, quien acudi\u00f3 acompa\u00f1ado de su familia para respaldar esta destacada jornada deportiva.<\/p>\n<p>Durante su mensaje, el alcalde resalt\u00f3 el valor formativo de las artes marciales en la ni\u00f1ez y juventud, al se\u00f1alar que \u201cuna de las actividades que m\u00e1s redit\u00faa en la formaci\u00f3n de los ni\u00f1os y de los j\u00f3venes es esta precisamente: la formaci\u00f3n en artes marciales, porque lo que aqu\u00ed se aprende \u2014disciplina, cultura del esfuerzo y tolerancia\u2014 no se ense\u00f1a en el aula\u201d. Adem\u00e1s, se comprometi\u00f3 a apoyar a los maestros en la gesti\u00f3n de un futuro campeonato nacional para la zona norte del pa\u00eds.<\/p>\n<p>El festival reuni\u00f3 a competidores provenientes de municipios como Ju\u00e1rez, Parral, Chihuahua, Cuauht\u00e9moc, Meoqui y Rosales, participando en disciplinas como formas tradicionales, peleas por puntos, peleas continuas y una exhibici\u00f3n especial de judo. El evento logr\u00f3 una excelente afluencia tanto en lo deportivo como en lo familiar, consolid\u00e1ndose como uno de los encuentros m\u00e1s relevantes del a\u00f1o en esta disciplina.<\/p>\n<p>El Gobierno Municipal, en conjunto con las academias participantes, reafirm\u00f3 su compromiso con la promoci\u00f3n del deporte, la formaci\u00f3n integral de las nuevas generaciones y la organizaci\u00f3n de eventos que fortalezcan el tejido social a trav\u00e9s del respeto, la constancia y el trabajo en equipo.<\/p>\n","protected":false},"excerpt":{"rendered":"<p>Con la presencia de m\u00e1s de 300 peleadores de todo el estado, este s\u00e1bado se llev\u00f3 a cabo el Festival de Artes Marciales en el Gimnasio Municipal de Delicias, evento encabezado por el presidente municipal Jes\u00fas Valenciano Garc\u00eda, quien acudi\u00f3 acompa\u00f1ado de su familia para respaldar esta destacada jornada deportiva. Durante su mensaje, el alcalde resalt\u00f3 el valor formativo de las artes marciales en la ni\u00f1ez y juventud, al se\u00f1alar que \u201cuna de las actividades que m\u00e1s redit\u00faa en la formaci\u00f3n de los ni\u00f1os y de los j\u00f3venes es esta precisamente: la formaci\u00f3n en artes marciales, porque lo que aqu\u00ed se aprende \u2014disciplina, cultura del esfuerzo y tolerancia\u2014 no se ense\u00f1a en el aula\u201d. Adem\u00e1s, se comprometi\u00f3 a apoyar a los maestros en la gesti\u00f3n de un futuro campeonato nacional para la zona norte del pa\u00eds. El festival reuni\u00f3 a competidores provenientes de municipios como Ju\u00e1rez, Parral, Chihuahua, Cuauht\u00e9moc, Meoqui y Rosales, participando en disciplinas como formas tradicionales, peleas por puntos, peleas continuas y una exhibici\u00f3n especial de judo. El evento logr\u00f3 una excelente afluencia tanto en lo deportivo como en lo familiar, consolid\u00e1ndose como uno de los encuentros m\u00e1s relevantes del a\u00f1o en esta disciplina. El Gobierno Municipal, en conjunto con las academias participantes, reafirm\u00f3 su compromiso con la promoci\u00f3n del deporte, la formaci\u00f3n integral de las nuevas generaciones y la organizaci\u00f3n de eventos que fortalezcan el tejido social a trav\u00e9s del respeto, la constancia y el trabajo en equipo.<\/p>\n","protected":false},"author":2,"featured_media":15298,"comment_status":"open","ping_status":"open","sticky":false,"template":"","format":"standard","meta":{"_monsterinsights_skip_tracking":false,"_monsterinsights_sitenote_active":false,"_monsterinsights_sitenote_note":"","_monsterinsights_sitenote_category":0,"advanced_seo_description":"","jetpack_seo_html_title":"","jetpack_seo_noindex":false,"_jetpack_memberships_contains_paid_content":false,"footnotes":"","jetpack_publicize_message":"","jetpack_publicize_feature_enabled":true,"jetpack_social_post_already_shared":true,"jetpack_social_options":{"image_generator_settings":{"template":"highway","enabled":false},"version":2}},"categories":[135,7,11],"tags":[],"class_list":["post-15297","post","type-post","status-publish","format-standard","has-post-thumbnail","hentry","category-lo-mas-leido","category-local","category-principal"],"jetpack_publicize_connections":[],"jetpack_sharing_enabled":true,"jetpack_featured_media_url":"https:\/\/i0.wp.com\/alcierrenoticias.com\/wp-content\/uploads\/2025\/06\/WhatsApp-Image-2025-06-01-at-9.06.39-PM.jpeg?fit=1620%2C1080&ssl=1","amp_enabled":true,"_links":{"self":[{"href":"https:\/\/alcierrenoticias.com\/index.php\/wp-json\/wp\/v2\/posts\/15297","targetHints":{"allow":["GET"]}}],"collection":[{"href":"https:\/\/alcierrenoticias.com\/index.php\/wp-json\/wp\/v2\/posts"}],"about":[{"href":"https:\/\/alcierrenoticias.com\/index.php\/wp-json\/wp\/v2\/types\/post"}],"author":[{"embeddable":true,"href":"https:\/\/alcierrenoticias.com\/index.php\/wp-json\/wp\/v2\/users\/2"}],"replies":[{"embeddable":true,"href":"https:\/\/alcierrenoticias.com\/index.php\/wp-json\/wp\/v2\/comments?post=15297"}],"version-history":[{"count":2,"href":"https:\/\/alcierrenoticias.com\/index.php\/wp-json\/wp\/v2\/posts\/15297\/revisions"}],"predecessor-version":[{"id":15300,"href":"https:\/\/alcierrenoticias.com\/index.php\/wp-json\/wp\/v2\/posts\/15297\/revisions\/15300"}],"wp:featuredmedia":[{"embeddable":true,"href":"https:\/\/alcierrenoticias.com\/index.php\/wp-json\/wp\/v2\/media\/15298"}],"wp:attachment":[{"href":"https:\/\/alcierrenoticias.com\/index.php\/wp-json\/wp\/v2\/media?parent=15297"}],"wp:term":[{"taxonomy":"category","embeddable":true,"href":"https:\/\/alcierrenoticias.com\/index.php\/wp-json\/wp\/v2\/categories?post=15297"},{"taxonomy":"post_tag","embeddable":true,"href":"https:\/\/alcierrenoticias.com\/index.php\/wp-json\/wp\/v2\/tags?post=15297"}],"curies":[{"name":"wp","href":"https:\/\/api.w.org\/{rel}","templated":true}]}}