{"id":15293,"date":"2025-05-30T18:03:50","date_gmt":"2025-05-31T00:03:50","guid":{"rendered":"https:\/\/alcierrenoticias.com\/?p=15293"},"modified":"2025-06-02T18:45:30","modified_gmt":"2025-06-03T00:45:30","slug":"presidente-jorge-aldana-consolida-ante-dif-nacional-proyecto-de-ampliacion-del-albergue-el-peregrino","status":"publish","type":"post","link":"https:\/\/alcierrenoticias.com\/index.php\/2025\/05\/30\/presidente-jorge-aldana-consolida-ante-dif-nacional-proyecto-de-ampliacion-del-albergue-el-peregrino\/","title":{"rendered":"Presidente Jorge Aldana consolida, ante DIF Nacional, proyecto de ampliaci\u00f3n del albergue El Peregrino."},"content":{"rendered":"<p>Durante su reciente visita a la capital del pa\u00eds, el presidente municipal de Camargo, Jorge Aldana, sostuvo una reuni\u00f3n clave en las oficinas del DIF Nacional, en la cual se consolid\u00f3 un importante avance en materia de atenci\u00f3n social: la conclusi\u00f3n de la primera etapa de la ampliaci\u00f3n del albergue El Peregrino.<\/p>\n<p>Este encuentro permiti\u00f3 definir los t\u00e9rminos que aseguran la conclusi\u00f3n de dicha etapa, resultado del compromiso firme de la administraci\u00f3n municipal por brindar espacios dignos a las personas en situaci\u00f3n de vulnerabilidad. Asimismo, se dio inicio al proceso de gesti\u00f3n para acceder a una segunda etapa del proyecto, la cual permitir\u00e1 integrar detalles y \u00e1reas complementarias que no se incluyeron en la fase inicial.<\/p>\n<p>\u201cEste albergue representa un espacio fundamental para servir a quienes m\u00e1s lo necesitan. Con instalaciones dignas y funcionales, buscamos garantizar un trato humano y seguro para quienes se encuentren en situaci\u00f3n de emergencia o desamparo\u201d, destac\u00f3 el presidente Aldana tras la reuni\u00f3n.<br \/>\nCon estas gestiones, el presidente Jorge Aldana reafirma su compromiso de seguir trabajando por un Camargo m\u00e1s solidario, con infraestructura social que verdaderamente transforme vidas.<\/p>\n","protected":false},"excerpt":{"rendered":"<p>Durante su reciente visita a la capital del pa\u00eds, el presidente municipal de Camargo, Jorge Aldana, sostuvo una reuni\u00f3n clave en las oficinas del DIF Nacional, en la cual se consolid\u00f3 un importante avance en materia de atenci\u00f3n social: la conclusi\u00f3n de la primera etapa de la ampliaci\u00f3n del albergue El Peregrino. Este encuentro permiti\u00f3 definir los t\u00e9rminos que aseguran la conclusi\u00f3n de dicha etapa, resultado del compromiso firme de la administraci\u00f3n municipal por brindar espacios dignos a las personas en situaci\u00f3n de vulnerabilidad. Asimismo, se dio inicio al proceso de gesti\u00f3n para acceder a una segunda etapa del proyecto, la cual permitir\u00e1 integrar detalles y \u00e1reas complementarias que no se incluyeron en la fase inicial. \u201cEste albergue representa un espacio fundamental para servir a quienes m\u00e1s lo necesitan. Con instalaciones dignas y funcionales, buscamos garantizar un trato humano y seguro para quienes se encuentren en situaci\u00f3n de emergencia o desamparo\u201d, destac\u00f3 el presidente Aldana tras la reuni\u00f3n. Con estas gestiones, el presidente Jorge Aldana reafirma su compromiso de seguir trabajando por un Camargo m\u00e1s solidario, con infraestructura social que verdaderamente transforme vidas.<\/p>\n","protected":false},"author":2,"featured_media":15294,"comment_status":"open","ping_status":"open","sticky":false,"template":"","format":"standard","meta":{"_monsterinsights_skip_tracking":false,"_monsterinsights_sitenote_active":false,"_monsterinsights_sitenote_note":"","_monsterinsights_sitenote_category":0,"advanced_seo_description":"","jetpack_seo_html_title":"","jetpack_seo_noindex":false,"_jetpack_memberships_contains_paid_content":false,"footnotes":"","jetpack_publicize_message":"","jetpack_publicize_feature_enabled":true,"jetpack_social_post_already_shared":true,"jetpack_social_options":{"image_generator_settings":{"template":"highway","enabled":false},"version":2}},"categories":[8,135,11],"tags":[],"class_list":["post-15293","post","type-post","status-publish","format-standard","has-post-thumbnail","hentry","category-estado","category-lo-mas-leido","category-principal"],"jetpack_publicize_connections":[],"jetpack_sharing_enabled":true,"jetpack_featured_media_url":"https:\/\/i0.wp.com\/alcierrenoticias.com\/wp-content\/uploads\/2025\/06\/WhatsApp-Image-2025-05-30-at-6.08.40-PM.jpeg?fit=1600%2C869&ssl=1","amp_enabled":true,"_links":{"self":[{"href":"https:\/\/alcierrenoticias.com\/index.php\/wp-json\/wp\/v2\/posts\/15293","targetHints":{"allow":["GET"]}}],"collection":[{"href":"https:\/\/alcierrenoticias.com\/index.php\/wp-json\/wp\/v2\/posts"}],"about":[{"href":"https:\/\/alcierrenoticias.com\/index.php\/wp-json\/wp\/v2\/types\/post"}],"author":[{"embeddable":true,"href":"https:\/\/alcierrenoticias.com\/index.php\/wp-json\/wp\/v2\/users\/2"}],"replies":[{"embeddable":true,"href":"https:\/\/alcierrenoticias.com\/index.php\/wp-json\/wp\/v2\/comments?post=15293"}],"version-history":[{"count":2,"href":"https:\/\/alcierrenoticias.com\/index.php\/wp-json\/wp\/v2\/posts\/15293\/revisions"}],"predecessor-version":[{"id":15296,"href":"https:\/\/alcierrenoticias.com\/index.php\/wp-json\/wp\/v2\/posts\/15293\/revisions\/15296"}],"wp:featuredmedia":[{"embeddable":true,"href":"https:\/\/alcierrenoticias.com\/index.php\/wp-json\/wp\/v2\/media\/15294"}],"wp:attachment":[{"href":"https:\/\/alcierrenoticias.com\/index.php\/wp-json\/wp\/v2\/media?parent=15293"}],"wp:term":[{"taxonomy":"category","embeddable":true,"href":"https:\/\/alcierrenoticias.com\/index.php\/wp-json\/wp\/v2\/categories?post=15293"},{"taxonomy":"post_tag","embeddable":true,"href":"https:\/\/alcierrenoticias.com\/index.php\/wp-json\/wp\/v2\/tags?post=15293"}],"curies":[{"name":"wp","href":"https:\/\/api.w.org\/{rel}","templated":true}]}}