{"id":15285,"date":"2025-05-30T16:15:33","date_gmt":"2025-05-30T22:15:33","guid":{"rendered":"https:\/\/alcierrenoticias.com\/?p=15285"},"modified":"2025-06-02T18:39:41","modified_gmt":"2025-06-03T00:39:41","slug":"mas-de-30-instructores-de-8-municipios-en-el-arranque-estatal-de-la-nueva-curricula-del-programa-d-a-r-e-en-meoqui","status":"publish","type":"post","link":"https:\/\/alcierrenoticias.com\/index.php\/2025\/05\/30\/mas-de-30-instructores-de-8-municipios-en-el-arranque-estatal-de-la-nueva-curricula-del-programa-d-a-r-e-en-meoqui\/","title":{"rendered":"M\u00e1s de 30 instructores de 8 municipios en el arranque estatal de la nueva curr\u00edcula del programa D.A.R.E. en Meoqui."},"content":{"rendered":"<p>\u201cLa mejor inversi\u00f3n que podemos hacer en seguridad p\u00fablica es en la prevenci\u00f3n\u201d: Miriam Soto<\/p>\n<p>Con la participaci\u00f3n de 30 instructores provenientes de los municipios de Chihuahua, Cuauht\u00e9moc, Delicias, Rosales, Julimes, Saucillo y Camargo, se llev\u00f3 a cabo en Meoqui la presentaci\u00f3n oficial de la nueva curr\u00edcula del programa D.A.R.E. para nivel secundaria, siendo este \u00faltimo municipio, sede estatal de esta importante actualizaci\u00f3n en materia de prevenci\u00f3n.<\/p>\n<p>La alcaldesa de Meoqui, Miriam Soto, destac\u00f3 la importancia de esta capacitaci\u00f3n para enfrentar las nuevas realidades sociales que afectan a la ni\u00f1ez y juventud: \u201cEstamos siendo sede estatal de la presentaci\u00f3n de esta nueva curr\u00edcula para Secundaria D.A.R.E. Creo que es sumamente relevante estar al d\u00eda de c\u00f3mo se comporta nuestro entorno y c\u00f3mo trabajar juntos para proteger lo m\u00e1s valioso que tenemos, que son nuestros ni\u00f1os, ni\u00f1as y adolescentes\u201d, afirm\u00f3.<\/p>\n<p>La alcaldesa subray\u00f3 que se avanza en dos frentes que son de suma importancia para su Gobierno, como lo es preparar a los elementos encargados de impartir el programa y fortalecer la educaci\u00f3n preventiva entre los j\u00f3venes: \u201cLa mejor inversi\u00f3n que podemos hacer en seguridad p\u00fablica es en la prevenci\u00f3n\u201d, concluy\u00f3.<\/p>\n<p>Por su parte, el director de Seguridad P\u00fablica de Meoqui, V\u00edctor Orona, explic\u00f3 que esta capacitaci\u00f3n es gracias a la participaci\u00f3n de dos elementos en el Congreso DARE LATAM celebrado en Mexicali en abril del 2025: \u201cA trav\u00e9s de este programa no solo colaboramos con los ni\u00f1os, tambi\u00e9n se genera un v\u00ednculo de confianza con los instructores. Hemos detectado casos de violencia gracias a esa cercan\u00eda, lo que permite intervenir oportunamente\u201d, coment\u00f3.<\/p>\n<p>Francisco N\u00fa\u00f1ez Rodr\u00edguez, director de la asociaci\u00f3n Dar Educaci\u00f3n A.C., agradeci\u00f3 el compromiso de los municipios participantes por enviar a sus instructores, a\u00f1adiendo que los oficiales Omar Gonz\u00e1lez Rivas de Meoqui y Luis Eduardo Guti\u00e9rrez Mart\u00ednez ser\u00e1n los encargados de impartir la actualizaci\u00f3n.<\/p>\n<p>\u201cLa nueva curr\u00edcula busca responder a los retos actuales que enfrentan los adolescentes, como el uso de tecnolog\u00edas, el acceso a sustancias nocivas y la violencia. En primaria hemos tenido resultados muy positivos y estamos seguros que en secundaria ser\u00e1n a\u00fan mejores\u201d, explic\u00f3 el director, a\u00f1adiendo que esta nueva fase del programa D.A.R.E. ser\u00e1 implementada a partir de enero de 2026.<\/p>\n","protected":false},"excerpt":{"rendered":"<p>\u201cLa mejor inversi\u00f3n que podemos hacer en seguridad p\u00fablica es en la prevenci\u00f3n\u201d: Miriam Soto Con la participaci\u00f3n de 30 instructores provenientes de los municipios de Chihuahua, Cuauht\u00e9moc, Delicias, Rosales, Julimes, Saucillo y Camargo, se llev\u00f3 a cabo en Meoqui la presentaci\u00f3n oficial de la nueva curr\u00edcula del programa D.A.R.E. para nivel secundaria, siendo este \u00faltimo municipio, sede estatal de esta importante actualizaci\u00f3n en materia de prevenci\u00f3n. La alcaldesa de Meoqui, Miriam Soto, destac\u00f3 la importancia de esta capacitaci\u00f3n para enfrentar las nuevas realidades sociales que afectan a la ni\u00f1ez y juventud: \u201cEstamos siendo sede estatal de la presentaci\u00f3n de esta nueva curr\u00edcula para Secundaria D.A.R.E. Creo que es sumamente relevante estar al d\u00eda de c\u00f3mo se comporta nuestro entorno y c\u00f3mo trabajar juntos para proteger lo m\u00e1s valioso que tenemos, que son nuestros ni\u00f1os, ni\u00f1as y adolescentes\u201d, afirm\u00f3. La alcaldesa subray\u00f3 que se avanza en dos frentes que son de suma importancia para su Gobierno, como lo es preparar a los elementos encargados de impartir el programa y fortalecer la educaci\u00f3n preventiva entre los j\u00f3venes: \u201cLa mejor inversi\u00f3n que podemos hacer en seguridad p\u00fablica es en la prevenci\u00f3n\u201d, concluy\u00f3. Por su parte, el director de Seguridad P\u00fablica de Meoqui, V\u00edctor Orona, explic\u00f3 que esta capacitaci\u00f3n es gracias a la participaci\u00f3n de dos elementos en el Congreso DARE LATAM celebrado en Mexicali en abril del 2025: \u201cA trav\u00e9s de este programa no solo colaboramos con los ni\u00f1os, tambi\u00e9n se genera un v\u00ednculo de confianza con los instructores. Hemos detectado casos de violencia gracias a esa cercan\u00eda, lo que permite intervenir oportunamente\u201d, coment\u00f3. Francisco N\u00fa\u00f1ez Rodr\u00edguez, director de la asociaci\u00f3n Dar Educaci\u00f3n A.C., agradeci\u00f3 el compromiso de los municipios participantes por enviar a sus instructores, a\u00f1adiendo que los oficiales Omar Gonz\u00e1lez Rivas de Meoqui y Luis Eduardo Guti\u00e9rrez Mart\u00ednez ser\u00e1n los encargados de impartir la actualizaci\u00f3n. \u201cLa nueva curr\u00edcula busca responder a los retos actuales que enfrentan los adolescentes, como el uso de tecnolog\u00edas, el acceso a sustancias nocivas y la violencia. En primaria hemos tenido resultados muy positivos y estamos seguros que en secundaria ser\u00e1n a\u00fan mejores\u201d, explic\u00f3 el director, a\u00f1adiendo que esta nueva fase del programa D.A.R.E. ser\u00e1 implementada a partir de enero de 2026.<\/p>\n","protected":false},"author":2,"featured_media":15286,"comment_status":"open","ping_status":"open","sticky":false,"template":"","format":"standard","meta":{"_monsterinsights_skip_tracking":false,"_monsterinsights_sitenote_active":false,"_monsterinsights_sitenote_note":"","_monsterinsights_sitenote_category":0,"advanced_seo_description":"","jetpack_seo_html_title":"","jetpack_seo_noindex":false,"_jetpack_memberships_contains_paid_content":false,"footnotes":"","jetpack_publicize_message":"","jetpack_publicize_feature_enabled":true,"jetpack_social_post_already_shared":true,"jetpack_social_options":{"image_generator_settings":{"template":"highway","enabled":false},"version":2}},"categories":[135,7,11],"tags":[],"class_list":["post-15285","post","type-post","status-publish","format-standard","has-post-thumbnail","hentry","category-lo-mas-leido","category-local","category-principal"],"jetpack_publicize_connections":[],"jetpack_sharing_enabled":true,"jetpack_featured_media_url":"https:\/\/i0.wp.com\/alcierrenoticias.com\/wp-content\/uploads\/2025\/06\/WhatsApp-Image-2025-05-30-at-4.13.34-PM.jpeg?fit=1600%2C856&ssl=1","amp_enabled":true,"_links":{"self":[{"href":"https:\/\/alcierrenoticias.com\/index.php\/wp-json\/wp\/v2\/posts\/15285","targetHints":{"allow":["GET"]}}],"collection":[{"href":"https:\/\/alcierrenoticias.com\/index.php\/wp-json\/wp\/v2\/posts"}],"about":[{"href":"https:\/\/alcierrenoticias.com\/index.php\/wp-json\/wp\/v2\/types\/post"}],"author":[{"embeddable":true,"href":"https:\/\/alcierrenoticias.com\/index.php\/wp-json\/wp\/v2\/users\/2"}],"replies":[{"embeddable":true,"href":"https:\/\/alcierrenoticias.com\/index.php\/wp-json\/wp\/v2\/comments?post=15285"}],"version-history":[{"count":2,"href":"https:\/\/alcierrenoticias.com\/index.php\/wp-json\/wp\/v2\/posts\/15285\/revisions"}],"predecessor-version":[{"id":15288,"href":"https:\/\/alcierrenoticias.com\/index.php\/wp-json\/wp\/v2\/posts\/15285\/revisions\/15288"}],"wp:featuredmedia":[{"embeddable":true,"href":"https:\/\/alcierrenoticias.com\/index.php\/wp-json\/wp\/v2\/media\/15286"}],"wp:attachment":[{"href":"https:\/\/alcierrenoticias.com\/index.php\/wp-json\/wp\/v2\/media?parent=15285"}],"wp:term":[{"taxonomy":"category","embeddable":true,"href":"https:\/\/alcierrenoticias.com\/index.php\/wp-json\/wp\/v2\/categories?post=15285"},{"taxonomy":"post_tag","embeddable":true,"href":"https:\/\/alcierrenoticias.com\/index.php\/wp-json\/wp\/v2\/tags?post=15285"}],"curies":[{"name":"wp","href":"https:\/\/api.w.org\/{rel}","templated":true}]}}