{"id":15253,"date":"2025-05-29T15:40:34","date_gmt":"2025-05-29T21:40:34","guid":{"rendered":"https:\/\/alcierrenoticias.com\/?p=15253"},"modified":"2025-05-29T22:58:10","modified_gmt":"2025-05-30T04:58:10","slug":"a-unas-horas-de-restablecer-pozo-de-la-campesina-juan-carlos-velasco","status":"publish","type":"post","link":"https:\/\/alcierrenoticias.com\/index.php\/2025\/05\/29\/a-unas-horas-de-restablecer-pozo-de-la-campesina-juan-carlos-velasco\/","title":{"rendered":"A unas horas de restablecer pozo de la Campesina: Juan Carlos Velasco."},"content":{"rendered":"<p>La ma\u00f1ana de este jueves, el titular de la Junta Municipal de Agua y Saneamiento de Delicias, acudi\u00f3 a colonia Campesina con el fin de supervisar los trabajos de reparaci\u00f3n.<\/p>\n<p>Como se sabe, el pozo de esta colonia padeci\u00f3 una descompostura en su bomba de extracci\u00f3n, por lo que fue necesario emprender tareas de reparaci\u00f3n.<\/p>\n<p>El director ejecutivo, Juan Carlos Velasco Ponce, anticip\u00f3 que para las primeras horas de este viernes el pozo ser\u00eda ingresado de nueva cuenta a la red de agua potable en colonia Campesina.<\/p>\n<p>Dijo que el organismo cuenta con capacidad para hacer frente a este tipo de contingencias y agradeci\u00f3 al personal de la junta de agua por la manera en que fue posible acelerar los trabajos.<\/p>\n<p>Agradeci\u00f3 asimismo la paciencia mostrada por los vecinos, y reconoci\u00f3 el orden que tuvieron para que las pipas acudieran a abastecer de agua en cada domicilio, donde se cont\u00f3 con dos pipas del organismo, m\u00e1s algunas particulares y la contribuci\u00f3n del Gobierno Municipal mediante una pipa, por lo que agradeci\u00f3 tambi\u00e9n al alcalde Jes\u00fas Valenciano.<\/p>\n","protected":false},"excerpt":{"rendered":"<p>La ma\u00f1ana de este jueves, el titular de la Junta Municipal de Agua y Saneamiento de Delicias, acudi\u00f3 a colonia Campesina con el fin de supervisar los trabajos de reparaci\u00f3n. Como se sabe, el pozo de esta colonia padeci\u00f3 una descompostura en su bomba de extracci\u00f3n, por lo que fue necesario emprender tareas de reparaci\u00f3n. El director ejecutivo, Juan Carlos Velasco Ponce, anticip\u00f3 que para las primeras horas de este viernes el pozo ser\u00eda ingresado de nueva cuenta a la red de agua potable en colonia Campesina. Dijo que el organismo cuenta con capacidad para hacer frente a este tipo de contingencias y agradeci\u00f3 al personal de la junta de agua por la manera en que fue posible acelerar los trabajos. Agradeci\u00f3 asimismo la paciencia mostrada por los vecinos, y reconoci\u00f3 el orden que tuvieron para que las pipas acudieran a abastecer de agua en cada domicilio, donde se cont\u00f3 con dos pipas del organismo, m\u00e1s algunas particulares y la contribuci\u00f3n del Gobierno Municipal mediante una pipa, por lo que agradeci\u00f3 tambi\u00e9n al alcalde Jes\u00fas Valenciano.<\/p>\n","protected":false},"author":2,"featured_media":15254,"comment_status":"open","ping_status":"open","sticky":false,"template":"","format":"standard","meta":{"_monsterinsights_skip_tracking":false,"_monsterinsights_sitenote_active":false,"_monsterinsights_sitenote_note":"","_monsterinsights_sitenote_category":0,"advanced_seo_description":"","jetpack_seo_html_title":"","jetpack_seo_noindex":false,"_jetpack_memberships_contains_paid_content":false,"footnotes":"","jetpack_publicize_message":"","jetpack_publicize_feature_enabled":true,"jetpack_social_post_already_shared":true,"jetpack_social_options":{"image_generator_settings":{"template":"highway","enabled":false},"version":2}},"categories":[135,7,11],"tags":[],"class_list":["post-15253","post","type-post","status-publish","format-standard","has-post-thumbnail","hentry","category-lo-mas-leido","category-local","category-principal"],"jetpack_publicize_connections":[],"jetpack_sharing_enabled":true,"jetpack_featured_media_url":"https:\/\/i0.wp.com\/alcierrenoticias.com\/wp-content\/uploads\/2025\/05\/WhatsApp-Image-2025-05-29-at-3.32.52-PM.jpeg?fit=1600%2C900&ssl=1","amp_enabled":true,"_links":{"self":[{"href":"https:\/\/alcierrenoticias.com\/index.php\/wp-json\/wp\/v2\/posts\/15253","targetHints":{"allow":["GET"]}}],"collection":[{"href":"https:\/\/alcierrenoticias.com\/index.php\/wp-json\/wp\/v2\/posts"}],"about":[{"href":"https:\/\/alcierrenoticias.com\/index.php\/wp-json\/wp\/v2\/types\/post"}],"author":[{"embeddable":true,"href":"https:\/\/alcierrenoticias.com\/index.php\/wp-json\/wp\/v2\/users\/2"}],"replies":[{"embeddable":true,"href":"https:\/\/alcierrenoticias.com\/index.php\/wp-json\/wp\/v2\/comments?post=15253"}],"version-history":[{"count":2,"href":"https:\/\/alcierrenoticias.com\/index.php\/wp-json\/wp\/v2\/posts\/15253\/revisions"}],"predecessor-version":[{"id":15256,"href":"https:\/\/alcierrenoticias.com\/index.php\/wp-json\/wp\/v2\/posts\/15253\/revisions\/15256"}],"wp:featuredmedia":[{"embeddable":true,"href":"https:\/\/alcierrenoticias.com\/index.php\/wp-json\/wp\/v2\/media\/15254"}],"wp:attachment":[{"href":"https:\/\/alcierrenoticias.com\/index.php\/wp-json\/wp\/v2\/media?parent=15253"}],"wp:term":[{"taxonomy":"category","embeddable":true,"href":"https:\/\/alcierrenoticias.com\/index.php\/wp-json\/wp\/v2\/categories?post=15253"},{"taxonomy":"post_tag","embeddable":true,"href":"https:\/\/alcierrenoticias.com\/index.php\/wp-json\/wp\/v2\/tags?post=15253"}],"curies":[{"name":"wp","href":"https:\/\/api.w.org\/{rel}","templated":true}]}}