{"id":15249,"date":"2025-05-29T15:32:20","date_gmt":"2025-05-29T21:32:20","guid":{"rendered":"https:\/\/alcierrenoticias.com\/?p=15249"},"modified":"2025-05-29T22:54:30","modified_gmt":"2025-05-30T04:54:30","slug":"anuncian-festival-de-artes-marciales-en-delicias-con-mas-de-300-participantes","status":"publish","type":"post","link":"https:\/\/alcierrenoticias.com\/index.php\/2025\/05\/29\/anuncian-festival-de-artes-marciales-en-delicias-con-mas-de-300-participantes\/","title":{"rendered":"Anuncian Festival de Artes Marciales en Delicias con m\u00e1s de 300 participantes."},"content":{"rendered":"<p>A trav\u00e9s de una rueda de prensa, fue presentada la convocatoria para el Festival de Artes Marciales que se celebrar\u00e1 este s\u00e1bado 31 de mayo en el Gimnasio Municipal de Delicias. El evento espera reunir a m\u00e1s de 300 competidores provenientes de diversos municipios del estado, as\u00ed como invitados especiales de Nueva York, en lo que promete ser una jornada deportiva de alto nivel y gran impacto.<\/p>\n<p>El profesor Jorge Hern\u00e1ndez, presidente del Comit\u00e9 Municipal de Artes Marciales, destac\u00f3 la respuesta positiva de los entrenadores locales y estatales: \u201cVamos a tener una afluencia muy buena con profesores de Ju\u00e1rez, Parral, Chihuahua, Cuauht\u00e9moc, Meoqui y Rosales. Participar\u00e1n en diversas disciplinas como formas tradicionales, peleas por puntos y peleas continuas\u201d. Tambi\u00e9n se anunci\u00f3 una exhibici\u00f3n especial de judo, con la intenci\u00f3n de diversificar la oferta deportiva.<\/p>\n<p>Miguel Aguirre, director del Instituto Municipal del Deporte y la Juventud en Delicias, se\u00f1al\u00f3 que este evento es resultado del impulso que el presidente municipal Jes\u00fas Valenciano ha dado al deporte en Delicias. \u201cCada fin de semana se realiza un evento deportivo distinto, y ahora toca el turno a las artes marciales. Esto no es casualidad, es parte de una visi\u00f3n estrat\u00e9gica para el desarrollo de los atletas y del turismo deportivo\u201d, expres\u00f3.<\/p>\n<p>Las categor\u00edas participantes ser\u00e1n infantil, juvenil y adulto, subdivididas en niveles principiante, intermedio y avanzado. El registro y pesaje de los atletas ser\u00e1 de 9 a 10 de la ma\u00f1ana, y a las 10 dar\u00e1 inicio el evento con un acto protocolario. Se premiar\u00e1 con medallas conmemorativas a los tres primeros lugares de cada categor\u00eda, reconociendo el esfuerzo y disciplina de cada competidor.<\/p>\n<p>El director del deporte celebr\u00f3 la coordinaci\u00f3n lograda entre al menos 10 instituciones de artes marciales para organizar este torneo, resaltando que pocas veces se logra tal nivel de colaboraci\u00f3n. \u201cEsto es el resultado de trabajo en equipo y del compromiso de los profesores por fortalecer el deporte en Delicias\u201d, apunt\u00f3 Aguirre.<\/p>\n<p>Finalmente, extendi\u00f3 la invitaci\u00f3n a toda la ciudadan\u00eda para asistir este s\u00e1bado 31 de mayo al Gimnasio Municipal, a partir de las 10:00 a.m., y disfrutar del espect\u00e1culo deportivo. \u201cSer\u00e1 una jornada intensa, llena de combates y exhibiciones que reflejan el talento y dedicaci\u00f3n de nuestros deportistas. Los esperamos con los brazos abiertos\u201d, concluy\u00f3.<\/p>\n","protected":false},"excerpt":{"rendered":"<p>A trav\u00e9s de una rueda de prensa, fue presentada la convocatoria para el Festival de Artes Marciales que se celebrar\u00e1 este s\u00e1bado 31 de mayo en el Gimnasio Municipal de Delicias. El evento espera reunir a m\u00e1s de 300 competidores provenientes de diversos municipios del estado, as\u00ed como invitados especiales de Nueva York, en lo que promete ser una jornada deportiva de alto nivel y gran impacto. El profesor Jorge Hern\u00e1ndez, presidente del Comit\u00e9 Municipal de Artes Marciales, destac\u00f3 la respuesta positiva de los entrenadores locales y estatales: \u201cVamos a tener una afluencia muy buena con profesores de Ju\u00e1rez, Parral, Chihuahua, Cuauht\u00e9moc, Meoqui y Rosales. Participar\u00e1n en diversas disciplinas como formas tradicionales, peleas por puntos y peleas continuas\u201d. Tambi\u00e9n se anunci\u00f3 una exhibici\u00f3n especial de judo, con la intenci\u00f3n de diversificar la oferta deportiva. Miguel Aguirre, director del Instituto Municipal del Deporte y la Juventud en Delicias, se\u00f1al\u00f3 que este evento es resultado del impulso que el presidente municipal Jes\u00fas Valenciano ha dado al deporte en Delicias. \u201cCada fin de semana se realiza un evento deportivo distinto, y ahora toca el turno a las artes marciales. Esto no es casualidad, es parte de una visi\u00f3n estrat\u00e9gica para el desarrollo de los atletas y del turismo deportivo\u201d, expres\u00f3. Las categor\u00edas participantes ser\u00e1n infantil, juvenil y adulto, subdivididas en niveles principiante, intermedio y avanzado. El registro y pesaje de los atletas ser\u00e1 de 9 a 10 de la ma\u00f1ana, y a las 10 dar\u00e1 inicio el evento con un acto protocolario. Se premiar\u00e1 con medallas conmemorativas a los tres primeros lugares de cada categor\u00eda, reconociendo el esfuerzo y disciplina de cada competidor. El director del deporte celebr\u00f3 la coordinaci\u00f3n lograda entre al menos 10 instituciones de artes marciales para organizar este torneo, resaltando que pocas veces se logra tal nivel de colaboraci\u00f3n. \u201cEsto es el resultado de trabajo en equipo y del compromiso de los profesores por fortalecer el deporte en Delicias\u201d, apunt\u00f3 Aguirre. Finalmente, extendi\u00f3 la invitaci\u00f3n a toda la ciudadan\u00eda para asistir este s\u00e1bado 31 de mayo al Gimnasio Municipal, a partir de las 10:00 a.m., y disfrutar del espect\u00e1culo deportivo. \u201cSer\u00e1 una jornada intensa, llena de combates y exhibiciones que reflejan el talento y dedicaci\u00f3n de nuestros deportistas. Los esperamos con los brazos abiertos\u201d, concluy\u00f3.<\/p>\n","protected":false},"author":2,"featured_media":15250,"comment_status":"open","ping_status":"open","sticky":false,"template":"","format":"standard","meta":{"_monsterinsights_skip_tracking":false,"_monsterinsights_sitenote_active":false,"_monsterinsights_sitenote_note":"","_monsterinsights_sitenote_category":0,"advanced_seo_description":"","jetpack_seo_html_title":"","jetpack_seo_noindex":false,"_jetpack_memberships_contains_paid_content":false,"footnotes":"","jetpack_publicize_message":"","jetpack_publicize_feature_enabled":true,"jetpack_social_post_already_shared":true,"jetpack_social_options":{"image_generator_settings":{"template":"highway","enabled":false},"version":2}},"categories":[135,7,11],"tags":[],"class_list":["post-15249","post","type-post","status-publish","format-standard","has-post-thumbnail","hentry","category-lo-mas-leido","category-local","category-principal"],"jetpack_publicize_connections":[],"jetpack_sharing_enabled":true,"jetpack_featured_media_url":"https:\/\/i0.wp.com\/alcierrenoticias.com\/wp-content\/uploads\/2025\/05\/WhatsApp-Image-2025-05-29-at-3.00.36-PM.jpeg?fit=2528%2C1685&ssl=1","amp_enabled":true,"_links":{"self":[{"href":"https:\/\/alcierrenoticias.com\/index.php\/wp-json\/wp\/v2\/posts\/15249","targetHints":{"allow":["GET"]}}],"collection":[{"href":"https:\/\/alcierrenoticias.com\/index.php\/wp-json\/wp\/v2\/posts"}],"about":[{"href":"https:\/\/alcierrenoticias.com\/index.php\/wp-json\/wp\/v2\/types\/post"}],"author":[{"embeddable":true,"href":"https:\/\/alcierrenoticias.com\/index.php\/wp-json\/wp\/v2\/users\/2"}],"replies":[{"embeddable":true,"href":"https:\/\/alcierrenoticias.com\/index.php\/wp-json\/wp\/v2\/comments?post=15249"}],"version-history":[{"count":2,"href":"https:\/\/alcierrenoticias.com\/index.php\/wp-json\/wp\/v2\/posts\/15249\/revisions"}],"predecessor-version":[{"id":15252,"href":"https:\/\/alcierrenoticias.com\/index.php\/wp-json\/wp\/v2\/posts\/15249\/revisions\/15252"}],"wp:featuredmedia":[{"embeddable":true,"href":"https:\/\/alcierrenoticias.com\/index.php\/wp-json\/wp\/v2\/media\/15250"}],"wp:attachment":[{"href":"https:\/\/alcierrenoticias.com\/index.php\/wp-json\/wp\/v2\/media?parent=15249"}],"wp:term":[{"taxonomy":"category","embeddable":true,"href":"https:\/\/alcierrenoticias.com\/index.php\/wp-json\/wp\/v2\/categories?post=15249"},{"taxonomy":"post_tag","embeddable":true,"href":"https:\/\/alcierrenoticias.com\/index.php\/wp-json\/wp\/v2\/tags?post=15249"}],"curies":[{"name":"wp","href":"https:\/\/api.w.org\/{rel}","templated":true}]}}