{"id":1524,"date":"2023-04-05T19:06:56","date_gmt":"2023-04-06T01:06:56","guid":{"rendered":"https:\/\/alcierrenoticias.com\/?p=1524"},"modified":"2023-04-05T19:06:56","modified_gmt":"2023-04-06T01:06:56","slug":"inmudej-delicias-avisa-sobre-horarios-de-atencion","status":"publish","type":"post","link":"https:\/\/alcierrenoticias.com\/index.php\/2023\/04\/05\/inmudej-delicias-avisa-sobre-horarios-de-atencion\/","title":{"rendered":"INMUDEJ Delicias avisa sobre horarios de atenci\u00f3n."},"content":{"rendered":"<p>Con el objetivo de informar a los usuarios del Polideportivo Bicentenario Delicias, sobre los d\u00edas inh\u00e1biles y horarios de atenci\u00f3n, el director del INMUDEJ, Esteban Trevizo, explic\u00f3 c\u00f3mo se proceder\u00e1 en estas fechas de d\u00edas santos.<\/p>\n<p>&nbsp;<\/p>\n<p>Mencion\u00f3 que los d\u00edas jueves 06 y viernes 07 de abril permanecer\u00e1n cerradas las instalaciones del Polideportivo Bicentenario, mientras que el personal continuar\u00e1 trabajando con las actividades alusivas al Festival del 90 Aniversario de la Fundaci\u00f3n de Delicias.<\/p>\n<p>&nbsp;<\/p>\n<p>Asimismo, record\u00f3 que, hasta este mi\u00e9rcoles 05 de abril por la noche, se recibir\u00e1n las inscripciones de la carrera de la Fundaci\u00f3n, que se llevar\u00e1 a cabo este fin de semana, o bien a partir de las 8 de la ma\u00f1ana el domingo 09 de abril, d\u00eda de la carrera, en el c\u00edrculo del Reloj P\u00fablico.<\/p>\n<p>&nbsp;<\/p>\n<p>Finalmente resalt\u00f3 que las operaciones del INMUDEJ y del Polideportivo, vuelven a la normalidad a partir del lunes a las 6 de la ma\u00f1ana, con las clases que se ofrecen de diferentes disciplinas.<\/p>\n","protected":false},"excerpt":{"rendered":"<p>Con el objetivo de informar a los usuarios del Polideportivo Bicentenario Delicias, sobre los d\u00edas inh\u00e1biles y horarios de atenci\u00f3n, el director del INMUDEJ, Esteban Trevizo, explic\u00f3 c\u00f3mo se proceder\u00e1 en estas fechas de d\u00edas santos. &nbsp; Mencion\u00f3 que los d\u00edas jueves 06 y viernes 07 de abril permanecer\u00e1n cerradas las instalaciones del Polideportivo Bicentenario, mientras que el personal continuar\u00e1 trabajando con las actividades alusivas al Festival del 90 Aniversario de la Fundaci\u00f3n de Delicias. &nbsp; Asimismo, record\u00f3 que, hasta este mi\u00e9rcoles 05 de abril por la noche, se recibir\u00e1n las inscripciones de la carrera de la Fundaci\u00f3n, que se llevar\u00e1 a cabo este fin de semana, o bien a partir de las 8 de la ma\u00f1ana el domingo 09 de abril, d\u00eda de la carrera, en el c\u00edrculo del Reloj P\u00fablico. &nbsp; Finalmente resalt\u00f3 que las operaciones del INMUDEJ y del Polideportivo, vuelven a la normalidad a partir del lunes a las 6 de la ma\u00f1ana, con las clases que se ofrecen de diferentes disciplinas.<\/p>\n","protected":false},"author":2,"featured_media":1525,"comment_status":"open","ping_status":"open","sticky":false,"template":"","format":"standard","meta":{"_monsterinsights_skip_tracking":false,"_monsterinsights_sitenote_active":false,"_monsterinsights_sitenote_note":"","_monsterinsights_sitenote_category":0,"advanced_seo_description":"","jetpack_seo_html_title":"","jetpack_seo_noindex":false,"_jetpack_memberships_contains_paid_content":false,"footnotes":"","jetpack_publicize_message":"","jetpack_publicize_feature_enabled":true,"jetpack_social_post_already_shared":true,"jetpack_social_options":{"image_generator_settings":{"template":"highway","enabled":false},"version":2}},"categories":[135,7,11],"tags":[],"class_list":["post-1524","post","type-post","status-publish","format-standard","has-post-thumbnail","hentry","category-lo-mas-leido","category-local","category-principal"],"jetpack_publicize_connections":[],"jetpack_sharing_enabled":true,"jetpack_featured_media_url":"https:\/\/i0.wp.com\/alcierrenoticias.com\/wp-content\/uploads\/2023\/04\/WhatsApp-Image-2023-04-05-at-1.49.35-PM.jpeg?fit=1280%2C759&ssl=1","amp_enabled":true,"_links":{"self":[{"href":"https:\/\/alcierrenoticias.com\/index.php\/wp-json\/wp\/v2\/posts\/1524","targetHints":{"allow":["GET"]}}],"collection":[{"href":"https:\/\/alcierrenoticias.com\/index.php\/wp-json\/wp\/v2\/posts"}],"about":[{"href":"https:\/\/alcierrenoticias.com\/index.php\/wp-json\/wp\/v2\/types\/post"}],"author":[{"embeddable":true,"href":"https:\/\/alcierrenoticias.com\/index.php\/wp-json\/wp\/v2\/users\/2"}],"replies":[{"embeddable":true,"href":"https:\/\/alcierrenoticias.com\/index.php\/wp-json\/wp\/v2\/comments?post=1524"}],"version-history":[{"count":1,"href":"https:\/\/alcierrenoticias.com\/index.php\/wp-json\/wp\/v2\/posts\/1524\/revisions"}],"predecessor-version":[{"id":1526,"href":"https:\/\/alcierrenoticias.com\/index.php\/wp-json\/wp\/v2\/posts\/1524\/revisions\/1526"}],"wp:featuredmedia":[{"embeddable":true,"href":"https:\/\/alcierrenoticias.com\/index.php\/wp-json\/wp\/v2\/media\/1525"}],"wp:attachment":[{"href":"https:\/\/alcierrenoticias.com\/index.php\/wp-json\/wp\/v2\/media?parent=1524"}],"wp:term":[{"taxonomy":"category","embeddable":true,"href":"https:\/\/alcierrenoticias.com\/index.php\/wp-json\/wp\/v2\/categories?post=1524"},{"taxonomy":"post_tag","embeddable":true,"href":"https:\/\/alcierrenoticias.com\/index.php\/wp-json\/wp\/v2\/tags?post=1524"}],"curies":[{"name":"wp","href":"https:\/\/api.w.org\/{rel}","templated":true}]}}