{"id":15237,"date":"2025-05-29T12:04:14","date_gmt":"2025-05-29T18:04:14","guid":{"rendered":"https:\/\/alcierrenoticias.com\/?p=15237"},"modified":"2025-05-29T22:45:37","modified_gmt":"2025-05-30T04:45:37","slug":"resalta-jorge-aldana-buenos-resultados-en-operativos-de-prevencion-y-vigilancia-dos-presuntos-delincuentes-detenidos-el-fin-de-semana","status":"publish","type":"post","link":"https:\/\/alcierrenoticias.com\/index.php\/2025\/05\/29\/resalta-jorge-aldana-buenos-resultados-en-operativos-de-prevencion-y-vigilancia-dos-presuntos-delincuentes-detenidos-el-fin-de-semana\/","title":{"rendered":"Resalta Jorge Aldana buenos resultados en operativos de prevenci\u00f3n y vigilancia: dos presuntos delincuentes detenidos el fin de semana."},"content":{"rendered":"<p>El Gobierno Municipal de Camargo, a trav\u00e9s de la Direcci\u00f3n de Seguridad P\u00fablica, informa que los recientes operativos de prevenci\u00f3n, vigilancia y disuasi\u00f3n del delito han dado resultados positivos que abonan a la seguridad y tranquilidad de la ciudadan\u00eda.<\/p>\n<p>Durante los recorridos realizados en distintos sectores de la ciudad, elementos de Seguridad P\u00fablica atendieron un reporte recibido al n\u00famero de emergencia 911, en el cual se denunci\u00f3 un robo doble en las inmediaciones del parque Galeana. Gracias a la pronta respuesta y a una efectiva l\u00ednea de investigaci\u00f3n, se logr\u00f3 la detenci\u00f3n del presunto responsable, as\u00ed como el aseguramiento de varios objetos robados.<\/p>\n<p>En una segunda intervenci\u00f3n, ocurrida el domingo 25 de mayo, se logr\u00f3 la detenci\u00f3n de un masculino de 31 a\u00f1os de edad, quien fue puesto a disposici\u00f3n del Ministerio P\u00fablico por los delitos de allanamiento de morada y tentativa de robo.<\/p>\n<p>El presidente municipal, Jorge Aldana, reconoci\u00f3 la labor del personal de Seguridad P\u00fablica y reiter\u00f3 que los operativos preventivos y de disuasi\u00f3n del delito continuar\u00e1n de manera permanente, con el objetivo de proteger a las familias camarguenses y reforzar la presencia policial en zonas estrat\u00e9gicas. \u201cEstos resultados reflejan el compromiso de nuestro gobierno con la seguridad de Camargo. Vamos a seguir trabajando de manera firme, cercana y coordinada con la ciudadan\u00eda\u201d, afirm\u00f3 el alcalde.<\/p>\n<p>El Gobierno Municipal hace un llamado a la poblaci\u00f3n a continuar colaborando con las autoridades, reportando cualquier situaci\u00f3n sospechosa a trav\u00e9s del n\u00famero de emergencias 911.<\/p>\n","protected":false},"excerpt":{"rendered":"<p>El Gobierno Municipal de Camargo, a trav\u00e9s de la Direcci\u00f3n de Seguridad P\u00fablica, informa que los recientes operativos de prevenci\u00f3n, vigilancia y disuasi\u00f3n del delito han dado resultados positivos que abonan a la seguridad y tranquilidad de la ciudadan\u00eda. Durante los recorridos realizados en distintos sectores de la ciudad, elementos de Seguridad P\u00fablica atendieron un reporte recibido al n\u00famero de emergencia 911, en el cual se denunci\u00f3 un robo doble en las inmediaciones del parque Galeana. Gracias a la pronta respuesta y a una efectiva l\u00ednea de investigaci\u00f3n, se logr\u00f3 la detenci\u00f3n del presunto responsable, as\u00ed como el aseguramiento de varios objetos robados. En una segunda intervenci\u00f3n, ocurrida el domingo 25 de mayo, se logr\u00f3 la detenci\u00f3n de un masculino de 31 a\u00f1os de edad, quien fue puesto a disposici\u00f3n del Ministerio P\u00fablico por los delitos de allanamiento de morada y tentativa de robo. El presidente municipal, Jorge Aldana, reconoci\u00f3 la labor del personal de Seguridad P\u00fablica y reiter\u00f3 que los operativos preventivos y de disuasi\u00f3n del delito continuar\u00e1n de manera permanente, con el objetivo de proteger a las familias camarguenses y reforzar la presencia policial en zonas estrat\u00e9gicas. \u201cEstos resultados reflejan el compromiso de nuestro gobierno con la seguridad de Camargo. Vamos a seguir trabajando de manera firme, cercana y coordinada con la ciudadan\u00eda\u201d, afirm\u00f3 el alcalde. El Gobierno Municipal hace un llamado a la poblaci\u00f3n a continuar colaborando con las autoridades, reportando cualquier situaci\u00f3n sospechosa a trav\u00e9s del n\u00famero de emergencias 911.<\/p>\n","protected":false},"author":2,"featured_media":15238,"comment_status":"open","ping_status":"open","sticky":false,"template":"","format":"standard","meta":{"_monsterinsights_skip_tracking":false,"_monsterinsights_sitenote_active":false,"_monsterinsights_sitenote_note":"","_monsterinsights_sitenote_category":0,"advanced_seo_description":"","jetpack_seo_html_title":"","jetpack_seo_noindex":false,"_jetpack_memberships_contains_paid_content":false,"footnotes":"","jetpack_publicize_message":"","jetpack_publicize_feature_enabled":true,"jetpack_social_post_already_shared":true,"jetpack_social_options":{"image_generator_settings":{"template":"highway","enabled":false},"version":2}},"categories":[8,135,11],"tags":[],"class_list":["post-15237","post","type-post","status-publish","format-standard","has-post-thumbnail","hentry","category-estado","category-lo-mas-leido","category-principal"],"jetpack_publicize_connections":[],"jetpack_sharing_enabled":true,"jetpack_featured_media_url":"https:\/\/i0.wp.com\/alcierrenoticias.com\/wp-content\/uploads\/2025\/05\/WhatsApp-Image-2025-05-29-at-11.36.04-AM.jpeg?fit=1600%2C1066&ssl=1","amp_enabled":true,"_links":{"self":[{"href":"https:\/\/alcierrenoticias.com\/index.php\/wp-json\/wp\/v2\/posts\/15237","targetHints":{"allow":["GET"]}}],"collection":[{"href":"https:\/\/alcierrenoticias.com\/index.php\/wp-json\/wp\/v2\/posts"}],"about":[{"href":"https:\/\/alcierrenoticias.com\/index.php\/wp-json\/wp\/v2\/types\/post"}],"author":[{"embeddable":true,"href":"https:\/\/alcierrenoticias.com\/index.php\/wp-json\/wp\/v2\/users\/2"}],"replies":[{"embeddable":true,"href":"https:\/\/alcierrenoticias.com\/index.php\/wp-json\/wp\/v2\/comments?post=15237"}],"version-history":[{"count":2,"href":"https:\/\/alcierrenoticias.com\/index.php\/wp-json\/wp\/v2\/posts\/15237\/revisions"}],"predecessor-version":[{"id":15240,"href":"https:\/\/alcierrenoticias.com\/index.php\/wp-json\/wp\/v2\/posts\/15237\/revisions\/15240"}],"wp:featuredmedia":[{"embeddable":true,"href":"https:\/\/alcierrenoticias.com\/index.php\/wp-json\/wp\/v2\/media\/15238"}],"wp:attachment":[{"href":"https:\/\/alcierrenoticias.com\/index.php\/wp-json\/wp\/v2\/media?parent=15237"}],"wp:term":[{"taxonomy":"category","embeddable":true,"href":"https:\/\/alcierrenoticias.com\/index.php\/wp-json\/wp\/v2\/categories?post=15237"},{"taxonomy":"post_tag","embeddable":true,"href":"https:\/\/alcierrenoticias.com\/index.php\/wp-json\/wp\/v2\/tags?post=15237"}],"curies":[{"name":"wp","href":"https:\/\/api.w.org\/{rel}","templated":true}]}}