{"id":15207,"date":"2025-05-28T18:28:01","date_gmt":"2025-05-29T00:28:01","guid":{"rendered":"https:\/\/alcierrenoticias.com\/?p=15207"},"modified":"2025-05-28T18:28:01","modified_gmt":"2025-05-29T00:28:01","slug":"anuncian-miriam-soto-y-roberto-cisneros-la-3er-edicion-del-dia-de-la-alfalfa-en-meoqui","status":"publish","type":"post","link":"https:\/\/alcierrenoticias.com\/index.php\/2025\/05\/28\/anuncian-miriam-soto-y-roberto-cisneros-la-3er-edicion-del-dia-de-la-alfalfa-en-meoqui\/","title":{"rendered":"Anuncian Miriam Soto y Roberto Cisneros la 3er Edici\u00f3n del D\u00eda de la Alfalfa en Meoqui"},"content":{"rendered":"<p>&nbsp;<\/p>\n<p>Ser\u00e1 este pr\u00f3ximo 15 de agosto en el Rancho Santa Anita a beneficio de la Fundaci\u00f3n Eulalio G\u00f3mez y la Casa Hogar CRESER<\/p>\n<p>\u201cDetr\u00e1s de este evento hay un objetivo muy claro: impulsar uno de los cultivos m\u00e1s representativos de nuestra regi\u00f3n, generar espacios de aprendizaje e intercambio, y fortalecer el v\u00ednculo entre productores, empresas y especialistas\u201d, as\u00ed lo mencion\u00f3 la alcaldesa Miriam Soto durante el anuncio de la 3er Edici\u00f3n del D\u00eda de la Alfalfa, misma que se celebrar\u00e1 este pr\u00f3ximo 15 de agosto en el Rancho Santa Anita, donde en esta ocasi\u00f3n parte de lo recaudado se destinar\u00e1 para apoyar a la Fundaci\u00f3n Eulalio G\u00f3mez y la Casa Hogar CRESER.<\/p>\n<p><img data-recalc-dims=\"1\" fetchpriority=\"high\" decoding=\"async\" class=\"alignnone size-medium wp-image-15208\" src=\"https:\/\/i0.wp.com\/alcierrenoticias.com\/wp-content\/uploads\/2025\/05\/WhatsApp-Image-2025-05-28-at-15.38.51.jpeg?resize=300%2C200&#038;ssl=1\" alt=\"\" width=\"300\" height=\"200\" srcset=\"https:\/\/i0.wp.com\/alcierrenoticias.com\/wp-content\/uploads\/2025\/05\/WhatsApp-Image-2025-05-28-at-15.38.51.jpeg?resize=300%2C200&amp;ssl=1 300w, https:\/\/i0.wp.com\/alcierrenoticias.com\/wp-content\/uploads\/2025\/05\/WhatsApp-Image-2025-05-28-at-15.38.51.jpeg?resize=1024%2C682&amp;ssl=1 1024w, https:\/\/i0.wp.com\/alcierrenoticias.com\/wp-content\/uploads\/2025\/05\/WhatsApp-Image-2025-05-28-at-15.38.51.jpeg?resize=768%2C512&amp;ssl=1 768w, https:\/\/i0.wp.com\/alcierrenoticias.com\/wp-content\/uploads\/2025\/05\/WhatsApp-Image-2025-05-28-at-15.38.51.jpeg?resize=1536%2C1023&amp;ssl=1 1536w, https:\/\/i0.wp.com\/alcierrenoticias.com\/wp-content\/uploads\/2025\/05\/WhatsApp-Image-2025-05-28-at-15.38.51.jpeg?w=1600&amp;ssl=1 1600w\" sizes=\"(max-width: 300px) 100vw, 300px\" \/><\/p>\n<p>\u201cEn Meoqui reconocemos al campo como una de nuestras mayores fortalezas, y por eso como Gobierno Municipal no dudamos en respaldar este tipo de iniciativas que nacen desde la sociedad, desde las empresas comprometidas con su tierra, como lo es Comercial Maquiagro\u201d, expres\u00f3 la alcaldesa.<\/p>\n<p>Por su parte Roberto Cisneros, gerente general de Comercial Maquiagro mencion\u00f3 que el objetivo de esta edici\u00f3n ser\u00e1 promover y darle mayor realce al cultivo de la Alfalfa, as\u00ed como brindar un espacio para la promoci\u00f3n y el networking de empresas, servicios y negocios que vayan acorde al ramo agr\u00edcola.<\/p>\n<p>Finalmente, la alcaldesa extendi\u00f3 la invitaci\u00f3n a este evento que tendr\u00e1 grandes sorpresas para los productores agr\u00edcolas: \u201cEstoy segura de que esta tercera edici\u00f3n ser\u00e1 la mejor hasta ahora. \u00a1Nos vemos en el D\u00eda de la Alfalfa 2025!\u201d, concluy\u00f3 Miriam Soto.<\/p>\n","protected":false},"excerpt":{"rendered":"<p>&nbsp; Ser\u00e1 este pr\u00f3ximo 15 de agosto en el Rancho Santa Anita a beneficio de la Fundaci\u00f3n Eulalio G\u00f3mez y la Casa Hogar CRESER \u201cDetr\u00e1s de este evento hay un objetivo muy claro: impulsar uno de los cultivos m\u00e1s representativos de nuestra regi\u00f3n, generar espacios de aprendizaje e intercambio, y fortalecer el v\u00ednculo entre productores, empresas y especialistas\u201d, as\u00ed lo mencion\u00f3 la alcaldesa Miriam Soto durante el anuncio de la 3er Edici\u00f3n del D\u00eda de la Alfalfa, misma que se celebrar\u00e1 este pr\u00f3ximo 15 de agosto en el Rancho Santa Anita, donde en esta ocasi\u00f3n parte de lo recaudado se destinar\u00e1 para apoyar a la Fundaci\u00f3n Eulalio G\u00f3mez y la Casa Hogar CRESER. \u201cEn Meoqui reconocemos al campo como una de nuestras mayores fortalezas, y por eso como Gobierno Municipal no dudamos en respaldar este tipo de iniciativas que nacen desde la sociedad, desde las empresas comprometidas con su tierra, como lo es Comercial Maquiagro\u201d, expres\u00f3 la alcaldesa. Por su parte Roberto Cisneros, gerente general de Comercial Maquiagro mencion\u00f3 que el objetivo de esta edici\u00f3n ser\u00e1 promover y darle mayor realce al cultivo de la Alfalfa, as\u00ed como brindar un espacio para la promoci\u00f3n y el networking de empresas, servicios y negocios que vayan acorde al ramo agr\u00edcola. Finalmente, la alcaldesa extendi\u00f3 la invitaci\u00f3n a este evento que tendr\u00e1 grandes sorpresas para los productores agr\u00edcolas: \u201cEstoy segura de que esta tercera edici\u00f3n ser\u00e1 la mejor hasta ahora. \u00a1Nos vemos en el D\u00eda de la Alfalfa 2025!\u201d, concluy\u00f3 Miriam Soto.<\/p>\n","protected":false},"author":2,"featured_media":15209,"comment_status":"open","ping_status":"open","sticky":false,"template":"","format":"standard","meta":{"_monsterinsights_skip_tracking":false,"_monsterinsights_sitenote_active":false,"_monsterinsights_sitenote_note":"","_monsterinsights_sitenote_category":0,"advanced_seo_description":"","jetpack_seo_html_title":"","jetpack_seo_noindex":false,"_jetpack_memberships_contains_paid_content":false,"footnotes":"","jetpack_publicize_message":"","jetpack_publicize_feature_enabled":true,"jetpack_social_post_already_shared":true,"jetpack_social_options":{"image_generator_settings":{"template":"highway","enabled":false},"version":2}},"categories":[135,7,11],"tags":[],"class_list":["post-15207","post","type-post","status-publish","format-standard","has-post-thumbnail","hentry","category-lo-mas-leido","category-local","category-principal"],"jetpack_publicize_connections":[],"jetpack_sharing_enabled":true,"jetpack_featured_media_url":"https:\/\/i0.wp.com\/alcierrenoticias.com\/wp-content\/uploads\/2025\/05\/WhatsApp-Image-2025-05-28-at-15.38.55.jpeg?fit=1600%2C1066&ssl=1","amp_enabled":true,"_links":{"self":[{"href":"https:\/\/alcierrenoticias.com\/index.php\/wp-json\/wp\/v2\/posts\/15207","targetHints":{"allow":["GET"]}}],"collection":[{"href":"https:\/\/alcierrenoticias.com\/index.php\/wp-json\/wp\/v2\/posts"}],"about":[{"href":"https:\/\/alcierrenoticias.com\/index.php\/wp-json\/wp\/v2\/types\/post"}],"author":[{"embeddable":true,"href":"https:\/\/alcierrenoticias.com\/index.php\/wp-json\/wp\/v2\/users\/2"}],"replies":[{"embeddable":true,"href":"https:\/\/alcierrenoticias.com\/index.php\/wp-json\/wp\/v2\/comments?post=15207"}],"version-history":[{"count":1,"href":"https:\/\/alcierrenoticias.com\/index.php\/wp-json\/wp\/v2\/posts\/15207\/revisions"}],"predecessor-version":[{"id":15210,"href":"https:\/\/alcierrenoticias.com\/index.php\/wp-json\/wp\/v2\/posts\/15207\/revisions\/15210"}],"wp:featuredmedia":[{"embeddable":true,"href":"https:\/\/alcierrenoticias.com\/index.php\/wp-json\/wp\/v2\/media\/15209"}],"wp:attachment":[{"href":"https:\/\/alcierrenoticias.com\/index.php\/wp-json\/wp\/v2\/media?parent=15207"}],"wp:term":[{"taxonomy":"category","embeddable":true,"href":"https:\/\/alcierrenoticias.com\/index.php\/wp-json\/wp\/v2\/categories?post=15207"},{"taxonomy":"post_tag","embeddable":true,"href":"https:\/\/alcierrenoticias.com\/index.php\/wp-json\/wp\/v2\/tags?post=15207"}],"curies":[{"name":"wp","href":"https:\/\/api.w.org\/{rel}","templated":true}]}}