{"id":15195,"date":"2025-05-28T14:21:08","date_gmt":"2025-05-28T20:21:08","guid":{"rendered":"https:\/\/alcierrenoticias.com\/?p=15195"},"modified":"2025-05-28T14:21:45","modified_gmt":"2025-05-28T20:21:45","slug":"confirma-jorge-aldana-presentacion-de-los-dos-carnales-en-la-expo-feria-santa-rosalia-2025","status":"publish","type":"post","link":"https:\/\/alcierrenoticias.com\/index.php\/2025\/05\/28\/confirma-jorge-aldana-presentacion-de-los-dos-carnales-en-la-expo-feria-santa-rosalia-2025\/","title":{"rendered":"Confirma Jorge Aldana presentaci\u00f3n de Los Dos Carnales en la Expo Feria Santa Rosal\u00eda 2025."},"content":{"rendered":"<p>El presidente municipal Jorge Aldana confirm\u00f3 a trav\u00e9s de sus redes sociales la presentaci\u00f3n estelar de Los Dos Carnales en la pr\u00f3xima edici\u00f3n de la Expo Feria Santa Rosal\u00eda 2025, a celebrarse en el mes de septiembre.<\/p>\n<p>La reconocida agrupaci\u00f3n norte\u00f1a, de talla nacional, llegar\u00e1 a Camargo para deleitar al p\u00fablico local y a los visitantes de toda la regi\u00f3n con su inconfundible estilo y \u00e9xitos musicales que han conquistado al pa\u00eds entero.<\/p>\n<p>\u201cEstamos preparando una feria a la altura de nuestra gente, y contar con artistas como Los Dos Carnales es solo una muestra del gran esfuerzo que estamos haciendo para que la Expo Santa Rosal\u00eda 2025 sea inolvidable\u201d, expres\u00f3 el presidente Aldana.<\/p>\n<p>El Gobierno Municipal adelant\u00f3 que pr\u00f3ximamente se dar\u00e1n a conocer m\u00e1s detalles sobre el evento, as\u00ed como el cartel completo del Teatro del Pueblo, que promete una cartelera art\u00edstica diversa y de gran calidad para todas las edades.<\/p>\n","protected":false},"excerpt":{"rendered":"<p>El presidente municipal Jorge Aldana confirm\u00f3 a trav\u00e9s de sus redes sociales la presentaci\u00f3n estelar de Los Dos Carnales en la pr\u00f3xima edici\u00f3n de la Expo Feria Santa Rosal\u00eda 2025, a celebrarse en el mes de septiembre. La reconocida agrupaci\u00f3n norte\u00f1a, de talla nacional, llegar\u00e1 a Camargo para deleitar al p\u00fablico local y a los visitantes de toda la regi\u00f3n con su inconfundible estilo y \u00e9xitos musicales que han conquistado al pa\u00eds entero. \u201cEstamos preparando una feria a la altura de nuestra gente, y contar con artistas como Los Dos Carnales es solo una muestra del gran esfuerzo que estamos haciendo para que la Expo Santa Rosal\u00eda 2025 sea inolvidable\u201d, expres\u00f3 el presidente Aldana. El Gobierno Municipal adelant\u00f3 que pr\u00f3ximamente se dar\u00e1n a conocer m\u00e1s detalles sobre el evento, as\u00ed como el cartel completo del Teatro del Pueblo, que promete una cartelera art\u00edstica diversa y de gran calidad para todas las edades.<\/p>\n","protected":false},"author":2,"featured_media":15196,"comment_status":"open","ping_status":"open","sticky":false,"template":"","format":"standard","meta":{"_monsterinsights_skip_tracking":false,"_monsterinsights_sitenote_active":false,"_monsterinsights_sitenote_note":"","_monsterinsights_sitenote_category":0,"advanced_seo_description":"","jetpack_seo_html_title":"","jetpack_seo_noindex":false,"_jetpack_memberships_contains_paid_content":false,"footnotes":"","jetpack_publicize_message":"","jetpack_publicize_feature_enabled":true,"jetpack_social_post_already_shared":true,"jetpack_social_options":{"image_generator_settings":{"template":"highway","enabled":false},"version":2}},"categories":[8,135,11],"tags":[],"class_list":["post-15195","post","type-post","status-publish","format-standard","has-post-thumbnail","hentry","category-estado","category-lo-mas-leido","category-principal"],"jetpack_publicize_connections":[],"jetpack_sharing_enabled":true,"jetpack_featured_media_url":"https:\/\/i0.wp.com\/alcierrenoticias.com\/wp-content\/uploads\/2025\/05\/WhatsApp-Image-2025-05-28-at-10.55.30-AM-e1748463700182.jpeg?fit=700%2C378&ssl=1","amp_enabled":true,"_links":{"self":[{"href":"https:\/\/alcierrenoticias.com\/index.php\/wp-json\/wp\/v2\/posts\/15195","targetHints":{"allow":["GET"]}}],"collection":[{"href":"https:\/\/alcierrenoticias.com\/index.php\/wp-json\/wp\/v2\/posts"}],"about":[{"href":"https:\/\/alcierrenoticias.com\/index.php\/wp-json\/wp\/v2\/types\/post"}],"author":[{"embeddable":true,"href":"https:\/\/alcierrenoticias.com\/index.php\/wp-json\/wp\/v2\/users\/2"}],"replies":[{"embeddable":true,"href":"https:\/\/alcierrenoticias.com\/index.php\/wp-json\/wp\/v2\/comments?post=15195"}],"version-history":[{"count":1,"href":"https:\/\/alcierrenoticias.com\/index.php\/wp-json\/wp\/v2\/posts\/15195\/revisions"}],"predecessor-version":[{"id":15197,"href":"https:\/\/alcierrenoticias.com\/index.php\/wp-json\/wp\/v2\/posts\/15195\/revisions\/15197"}],"wp:featuredmedia":[{"embeddable":true,"href":"https:\/\/alcierrenoticias.com\/index.php\/wp-json\/wp\/v2\/media\/15196"}],"wp:attachment":[{"href":"https:\/\/alcierrenoticias.com\/index.php\/wp-json\/wp\/v2\/media?parent=15195"}],"wp:term":[{"taxonomy":"category","embeddable":true,"href":"https:\/\/alcierrenoticias.com\/index.php\/wp-json\/wp\/v2\/categories?post=15195"},{"taxonomy":"post_tag","embeddable":true,"href":"https:\/\/alcierrenoticias.com\/index.php\/wp-json\/wp\/v2\/tags?post=15195"}],"curies":[{"name":"wp","href":"https:\/\/api.w.org\/{rel}","templated":true}]}}