{"id":15167,"date":"2025-05-27T18:43:44","date_gmt":"2025-05-28T00:43:44","guid":{"rendered":"https:\/\/alcierrenoticias.com\/?p=15167"},"modified":"2025-05-27T22:45:50","modified_gmt":"2025-05-28T04:45:50","slug":"la-cadena-productiva-perlas-del-conchos-sera-clave-para-el-desarrollo-regional-valenciano","status":"publish","type":"post","link":"https:\/\/alcierrenoticias.com\/index.php\/2025\/05\/27\/la-cadena-productiva-perlas-del-conchos-sera-clave-para-el-desarrollo-regional-valenciano\/","title":{"rendered":"La Cadena Productiva Perlas del Conchos ser\u00e1 clave para el desarrollo regional: Valenciano."},"content":{"rendered":"<p>Con la presencia de los nueve alcaldes de la regi\u00f3n Centro Sur, se llev\u00f3 a cabo la instalaci\u00f3n de la Cadena Productiva Tur\u00edstica \u201cPerlas del Conchos\u201d, un proyecto estrat\u00e9gico encabezado por el Secretaria de Turismo de Gobierno del Estado, y que busca fortalecer la econom\u00eda regional a trav\u00e9s de un modelo de desarrollo sostenible. El evento tuvo lugar en las instalaciones de CANACO Delicias, ciudad anfitriona de esta iniciativa conjunta.<\/p>\n<p>El presidente municipal Jes\u00fas Valenciano Garc\u00eda dio la bienvenida a los asistentes y refrend\u00f3 su compromiso de continuar promoviendo el turismo regional como motor econ\u00f3mico. Se\u00f1al\u00f3 que Delicias y los municipios vecinos han apostado por eventos deportivos, culturales y gastron\u00f3micos que generan derrama econ\u00f3mica significativa. \u201cQueremos que quien nos visite se lleve un buen sabor de boca y regrese; por eso trabajamos unidos por el desarrollo tur\u00edstico de nuestra regi\u00f3n\u201d, expres\u00f3.<\/p>\n<p>Durante el evento, el secretario Edibray G\u00f3mez tom\u00f3 protesta al nuevo Consejo de la Cadena Productiva, el cual ser\u00e1 presidido por Carla Ibeth Garc\u00eda Lozano. En su mensaje, destac\u00f3 el reto de seguir profesionalizando a los prestadores de servicios tur\u00edsticos, reconociendo la hospitalidad que distingue a la regi\u00f3n. En este marco, 55 empresarios recibieron reconocimientos tras completar un proceso de capacitaci\u00f3n en temas clave para la competitividad del sector.<\/p>\n<p>Osiris D\u00edaz, presidenta de CANACO Delicias, resalt\u00f3 que esta iniciativa permitir\u00e1 integrar experiencias, herramientas y estrategias que fortalezcan a los prestadores de servicios de los nueve municipios participantes. Subray\u00f3 que el enfoque principal ser\u00e1 impulsar alianzas estrat\u00e9gicas entre productores, empresarios, hoteleros, restauranteros y otros actores del turismo local.<\/p>\n<p>El desarrollo de esta cadena productiva tiene como objetivo central la generaci\u00f3n de empleos, el aprovechamiento de los recursos naturales y culturales, y el fomento de un turismo responsable y sustentable. Al vincular a agricultores, artesanos, pescadores y empresarios, se mejora la calidad de los servicios y se fortalece la identidad regional mediante el consumo de productos locales.<\/p>\n<p>Finalmente, se destac\u00f3 que el proyecto contempla la consolidaci\u00f3n de una ruta comercial diversificada, que promueva la cooperaci\u00f3n regional y multiplique los beneficios econ\u00f3micos para las comunidades. \u201cLa regi\u00f3n Centro Sur tiene todo para convertirse en un referente tur\u00edstico estatal, y en Delicias seguiremos trabajando para que eso sea una realidad\u201d, concluy\u00f3 Valenciano Garc\u00eda.<\/p>\n","protected":false},"excerpt":{"rendered":"<p>Con la presencia de los nueve alcaldes de la regi\u00f3n Centro Sur, se llev\u00f3 a cabo la instalaci\u00f3n de la Cadena Productiva Tur\u00edstica \u201cPerlas del Conchos\u201d, un proyecto estrat\u00e9gico encabezado por el Secretaria de Turismo de Gobierno del Estado, y que busca fortalecer la econom\u00eda regional a trav\u00e9s de un modelo de desarrollo sostenible. El evento tuvo lugar en las instalaciones de CANACO Delicias, ciudad anfitriona de esta iniciativa conjunta. El presidente municipal Jes\u00fas Valenciano Garc\u00eda dio la bienvenida a los asistentes y refrend\u00f3 su compromiso de continuar promoviendo el turismo regional como motor econ\u00f3mico. Se\u00f1al\u00f3 que Delicias y los municipios vecinos han apostado por eventos deportivos, culturales y gastron\u00f3micos que generan derrama econ\u00f3mica significativa. \u201cQueremos que quien nos visite se lleve un buen sabor de boca y regrese; por eso trabajamos unidos por el desarrollo tur\u00edstico de nuestra regi\u00f3n\u201d, expres\u00f3. Durante el evento, el secretario Edibray G\u00f3mez tom\u00f3 protesta al nuevo Consejo de la Cadena Productiva, el cual ser\u00e1 presidido por Carla Ibeth Garc\u00eda Lozano. En su mensaje, destac\u00f3 el reto de seguir profesionalizando a los prestadores de servicios tur\u00edsticos, reconociendo la hospitalidad que distingue a la regi\u00f3n. En este marco, 55 empresarios recibieron reconocimientos tras completar un proceso de capacitaci\u00f3n en temas clave para la competitividad del sector. Osiris D\u00edaz, presidenta de CANACO Delicias, resalt\u00f3 que esta iniciativa permitir\u00e1 integrar experiencias, herramientas y estrategias que fortalezcan a los prestadores de servicios de los nueve municipios participantes. Subray\u00f3 que el enfoque principal ser\u00e1 impulsar alianzas estrat\u00e9gicas entre productores, empresarios, hoteleros, restauranteros y otros actores del turismo local. El desarrollo de esta cadena productiva tiene como objetivo central la generaci\u00f3n de empleos, el aprovechamiento de los recursos naturales y culturales, y el fomento de un turismo responsable y sustentable. Al vincular a agricultores, artesanos, pescadores y empresarios, se mejora la calidad de los servicios y se fortalece la identidad regional mediante el consumo de productos locales. Finalmente, se destac\u00f3 que el proyecto contempla la consolidaci\u00f3n de una ruta comercial diversificada, que promueva la cooperaci\u00f3n regional y multiplique los beneficios econ\u00f3micos para las comunidades. \u201cLa regi\u00f3n Centro Sur tiene todo para convertirse en un referente tur\u00edstico estatal, y en Delicias seguiremos trabajando para que eso sea una realidad\u201d, concluy\u00f3 Valenciano Garc\u00eda.<\/p>\n","protected":false},"author":2,"featured_media":15168,"comment_status":"open","ping_status":"open","sticky":false,"template":"","format":"standard","meta":{"_monsterinsights_skip_tracking":false,"_monsterinsights_sitenote_active":false,"_monsterinsights_sitenote_note":"","_monsterinsights_sitenote_category":0,"advanced_seo_description":"","jetpack_seo_html_title":"","jetpack_seo_noindex":false,"_jetpack_memberships_contains_paid_content":false,"footnotes":"","jetpack_publicize_message":"","jetpack_publicize_feature_enabled":true,"jetpack_social_post_already_shared":true,"jetpack_social_options":{"image_generator_settings":{"template":"highway","enabled":false},"version":2}},"categories":[8,135,11],"tags":[],"class_list":["post-15167","post","type-post","status-publish","format-standard","has-post-thumbnail","hentry","category-estado","category-lo-mas-leido","category-principal"],"jetpack_publicize_connections":[],"jetpack_sharing_enabled":true,"jetpack_featured_media_url":"https:\/\/i0.wp.com\/alcierrenoticias.com\/wp-content\/uploads\/2025\/05\/WhatsApp-Image-2025-05-27-at-6.26.27-PM-scaled.jpeg?fit=2560%2C1707&ssl=1","amp_enabled":true,"_links":{"self":[{"href":"https:\/\/alcierrenoticias.com\/index.php\/wp-json\/wp\/v2\/posts\/15167","targetHints":{"allow":["GET"]}}],"collection":[{"href":"https:\/\/alcierrenoticias.com\/index.php\/wp-json\/wp\/v2\/posts"}],"about":[{"href":"https:\/\/alcierrenoticias.com\/index.php\/wp-json\/wp\/v2\/types\/post"}],"author":[{"embeddable":true,"href":"https:\/\/alcierrenoticias.com\/index.php\/wp-json\/wp\/v2\/users\/2"}],"replies":[{"embeddable":true,"href":"https:\/\/alcierrenoticias.com\/index.php\/wp-json\/wp\/v2\/comments?post=15167"}],"version-history":[{"count":2,"href":"https:\/\/alcierrenoticias.com\/index.php\/wp-json\/wp\/v2\/posts\/15167\/revisions"}],"predecessor-version":[{"id":15170,"href":"https:\/\/alcierrenoticias.com\/index.php\/wp-json\/wp\/v2\/posts\/15167\/revisions\/15170"}],"wp:featuredmedia":[{"embeddable":true,"href":"https:\/\/alcierrenoticias.com\/index.php\/wp-json\/wp\/v2\/media\/15168"}],"wp:attachment":[{"href":"https:\/\/alcierrenoticias.com\/index.php\/wp-json\/wp\/v2\/media?parent=15167"}],"wp:term":[{"taxonomy":"category","embeddable":true,"href":"https:\/\/alcierrenoticias.com\/index.php\/wp-json\/wp\/v2\/categories?post=15167"},{"taxonomy":"post_tag","embeddable":true,"href":"https:\/\/alcierrenoticias.com\/index.php\/wp-json\/wp\/v2\/tags?post=15167"}],"curies":[{"name":"wp","href":"https:\/\/api.w.org\/{rel}","templated":true}]}}