{"id":15163,"date":"2025-05-27T16:40:17","date_gmt":"2025-05-27T22:40:17","guid":{"rendered":"https:\/\/alcierrenoticias.com\/?p=15163"},"modified":"2025-05-27T22:43:06","modified_gmt":"2025-05-28T04:43:06","slug":"beneficia-feria-de-servicios-a-cientos-de-familias-delicienses-valenciano","status":"publish","type":"post","link":"https:\/\/alcierrenoticias.com\/index.php\/2025\/05\/27\/beneficia-feria-de-servicios-a-cientos-de-familias-delicienses-valenciano\/","title":{"rendered":"Beneficia Feria de Servicios a cientos de familias delicienses: Valenciano."},"content":{"rendered":"<p>Con la presencia de decenas de familias y la participaci\u00f3n activa de dependencias estatales y municipales, se llev\u00f3 a cabo la Feria de Servicios en el Parque Vida, un esfuerzo conjunto encabezado por el Gobierno del Estado y el Municipio de Delicias para acercar tr\u00e1mites, apoyos y atenci\u00f3n m\u00e9dica gratuita a la poblaci\u00f3n. El presidente municipal Jes\u00fas Valenciano Garc\u00eda destac\u00f3 la importancia de este tipo de eventos para fortalecer el v\u00ednculo entre autoridades y ciudadan\u00eda.<\/p>\n<p>\u201cEstamos acompa\u00f1ando a la Secretar\u00eda de Desarrollo Humano y Bien Com\u00fan en esta gran jornada. Saludamos tambi\u00e9n al senador Mario V\u00e1zquez, y enviamos un fuerte reconocimiento a nuestra gobernadora Maru Campos, porque gracias a su respaldo estas ferias se hacen posibles\u201d, expres\u00f3 Valenciano Garc\u00eda. Agradeci\u00f3 tambi\u00e9n a Rafael Loera por su coordinaci\u00f3n desde la secretar\u00eda, e indic\u00f3 que estos espacios permiten atender a las familias con sensibilidad y cercan\u00eda.<\/p>\n<p>Durante la feria, se ofrecieron m\u00faltiples servicios a trav\u00e9s de m\u00f3dulos del Registro Civil, expedici\u00f3n de constancias de no antecedentes penales, entrega de actas de nacimiento, donaci\u00f3n de \u00e1rboles por parte del vivero estatal, atenci\u00f3n m\u00e9dica por parte de Servicios M\u00e9dicos Municipales, as\u00ed como terapias y asesor\u00edas a cargo del DIF. Adem\u00e1s, organizaciones de la sociedad civil participaron para ampliar la cobertura de atenci\u00f3n.<\/p>\n<p>M\u00e1s de 500 familias fueron beneficiadas con apoyos alimenticios, lo cual, destac\u00f3 el edil, es especialmente significativo ante la crisis hidroagr\u00edcola que atraviesa la regi\u00f3n. Tambi\u00e9n se brind\u00f3 orientaci\u00f3n e inscripci\u00f3n a programas estatales dirigidos a personas con discapacidad y adultos mayores que no cuentan con apoyos federales, ampliando el alcance de los beneficios sociales en esta zona de la ciudad.<\/p>\n<p>Finalmente, Jes\u00fas Valenciano invit\u00f3 a la ciudadan\u00eda a seguir aprovechando los espacios como el Parque Vida, infraestructura que hoy se consolida como punto de encuentro y atenci\u00f3n para las familias delicienses. \u201cEstas acciones son una bocanada de aire fresco para quienes m\u00e1s lo necesitan y reflejan lo que podemos lograr cuando sociedad y gobierno trabajamos juntos\u201d, concluy\u00f3.<\/p>\n","protected":false},"excerpt":{"rendered":"<p>Con la presencia de decenas de familias y la participaci\u00f3n activa de dependencias estatales y municipales, se llev\u00f3 a cabo la Feria de Servicios en el Parque Vida, un esfuerzo conjunto encabezado por el Gobierno del Estado y el Municipio de Delicias para acercar tr\u00e1mites, apoyos y atenci\u00f3n m\u00e9dica gratuita a la poblaci\u00f3n. El presidente municipal Jes\u00fas Valenciano Garc\u00eda destac\u00f3 la importancia de este tipo de eventos para fortalecer el v\u00ednculo entre autoridades y ciudadan\u00eda. \u201cEstamos acompa\u00f1ando a la Secretar\u00eda de Desarrollo Humano y Bien Com\u00fan en esta gran jornada. Saludamos tambi\u00e9n al senador Mario V\u00e1zquez, y enviamos un fuerte reconocimiento a nuestra gobernadora Maru Campos, porque gracias a su respaldo estas ferias se hacen posibles\u201d, expres\u00f3 Valenciano Garc\u00eda. Agradeci\u00f3 tambi\u00e9n a Rafael Loera por su coordinaci\u00f3n desde la secretar\u00eda, e indic\u00f3 que estos espacios permiten atender a las familias con sensibilidad y cercan\u00eda. Durante la feria, se ofrecieron m\u00faltiples servicios a trav\u00e9s de m\u00f3dulos del Registro Civil, expedici\u00f3n de constancias de no antecedentes penales, entrega de actas de nacimiento, donaci\u00f3n de \u00e1rboles por parte del vivero estatal, atenci\u00f3n m\u00e9dica por parte de Servicios M\u00e9dicos Municipales, as\u00ed como terapias y asesor\u00edas a cargo del DIF. Adem\u00e1s, organizaciones de la sociedad civil participaron para ampliar la cobertura de atenci\u00f3n. M\u00e1s de 500 familias fueron beneficiadas con apoyos alimenticios, lo cual, destac\u00f3 el edil, es especialmente significativo ante la crisis hidroagr\u00edcola que atraviesa la regi\u00f3n. Tambi\u00e9n se brind\u00f3 orientaci\u00f3n e inscripci\u00f3n a programas estatales dirigidos a personas con discapacidad y adultos mayores que no cuentan con apoyos federales, ampliando el alcance de los beneficios sociales en esta zona de la ciudad. Finalmente, Jes\u00fas Valenciano invit\u00f3 a la ciudadan\u00eda a seguir aprovechando los espacios como el Parque Vida, infraestructura que hoy se consolida como punto de encuentro y atenci\u00f3n para las familias delicienses. \u201cEstas acciones son una bocanada de aire fresco para quienes m\u00e1s lo necesitan y reflejan lo que podemos lograr cuando sociedad y gobierno trabajamos juntos\u201d, concluy\u00f3.<\/p>\n","protected":false},"author":2,"featured_media":15164,"comment_status":"open","ping_status":"open","sticky":false,"template":"","format":"standard","meta":{"_monsterinsights_skip_tracking":false,"_monsterinsights_sitenote_active":false,"_monsterinsights_sitenote_note":"","_monsterinsights_sitenote_category":0,"advanced_seo_description":"","jetpack_seo_html_title":"","jetpack_seo_noindex":false,"_jetpack_memberships_contains_paid_content":false,"footnotes":"","jetpack_publicize_message":"","jetpack_publicize_feature_enabled":true,"jetpack_social_post_already_shared":true,"jetpack_social_options":{"image_generator_settings":{"template":"highway","enabled":false},"version":2}},"categories":[135,7,11],"tags":[],"class_list":["post-15163","post","type-post","status-publish","format-standard","has-post-thumbnail","hentry","category-lo-mas-leido","category-local","category-principal"],"jetpack_publicize_connections":[],"jetpack_sharing_enabled":true,"jetpack_featured_media_url":"https:\/\/i0.wp.com\/alcierrenoticias.com\/wp-content\/uploads\/2025\/05\/WhatsApp-Image-2025-05-27-at-4.09.46-PM.jpeg?fit=2109%2C1406&ssl=1","amp_enabled":true,"_links":{"self":[{"href":"https:\/\/alcierrenoticias.com\/index.php\/wp-json\/wp\/v2\/posts\/15163","targetHints":{"allow":["GET"]}}],"collection":[{"href":"https:\/\/alcierrenoticias.com\/index.php\/wp-json\/wp\/v2\/posts"}],"about":[{"href":"https:\/\/alcierrenoticias.com\/index.php\/wp-json\/wp\/v2\/types\/post"}],"author":[{"embeddable":true,"href":"https:\/\/alcierrenoticias.com\/index.php\/wp-json\/wp\/v2\/users\/2"}],"replies":[{"embeddable":true,"href":"https:\/\/alcierrenoticias.com\/index.php\/wp-json\/wp\/v2\/comments?post=15163"}],"version-history":[{"count":2,"href":"https:\/\/alcierrenoticias.com\/index.php\/wp-json\/wp\/v2\/posts\/15163\/revisions"}],"predecessor-version":[{"id":15166,"href":"https:\/\/alcierrenoticias.com\/index.php\/wp-json\/wp\/v2\/posts\/15163\/revisions\/15166"}],"wp:featuredmedia":[{"embeddable":true,"href":"https:\/\/alcierrenoticias.com\/index.php\/wp-json\/wp\/v2\/media\/15164"}],"wp:attachment":[{"href":"https:\/\/alcierrenoticias.com\/index.php\/wp-json\/wp\/v2\/media?parent=15163"}],"wp:term":[{"taxonomy":"category","embeddable":true,"href":"https:\/\/alcierrenoticias.com\/index.php\/wp-json\/wp\/v2\/categories?post=15163"},{"taxonomy":"post_tag","embeddable":true,"href":"https:\/\/alcierrenoticias.com\/index.php\/wp-json\/wp\/v2\/tags?post=15163"}],"curies":[{"name":"wp","href":"https:\/\/api.w.org\/{rel}","templated":true}]}}