{"id":15159,"date":"2025-05-27T14:31:51","date_gmt":"2025-05-27T20:31:51","guid":{"rendered":"https:\/\/alcierrenoticias.com\/?p=15159"},"modified":"2025-05-27T22:39:33","modified_gmt":"2025-05-28T04:39:33","slug":"este-miercoles-programa-en-el-vientre-materno-en-meoqui","status":"publish","type":"post","link":"https:\/\/alcierrenoticias.com\/index.php\/2025\/05\/27\/este-miercoles-programa-en-el-vientre-materno-en-meoqui\/","title":{"rendered":"Este mi\u00e9rcoles programa \u201cEn el Vientre Materno\u201d en Meoqui"},"content":{"rendered":"<p>Gobierno Municipal brindar\u00e1 servicios m\u00e9dicos a mujeres embarazadas a partir de las 9 de la ma\u00f1ana en la Casa de Salud de la Col. Del Carmen<\/p>\n<p>Este mi\u00e9rcoles 28 de mayo, se llevar\u00e1 a cabo una jornada del programa \u201cEn el Vientre Materno\u201d a partir de las 9 de la ma\u00f1ana en la Casa de Atenci\u00f3n Primaria a la Salud de la Col. Del Carmen, en la que se brindar\u00e1n servicios como ultrasonido, asesor\u00edas psicol\u00f3gicas, nutricionales, vacunaci\u00f3n, detecci\u00f3n y estimulaci\u00f3n prenatal de forma gratuita.<\/p>\n<p>\u201cEste es un programa implementado desde la Administraci\u00f3n pasada por la alcaldesa Miriam Soto, donde le damos atenci\u00f3n personalizada e individualizada a todas las mujeres embarazadas del municipio y alrededores, en el que pueden acudir desde que se enteran que est\u00e1n embarazadas para su control prenatal\u201d, expres\u00f3 la Dra. Sayuri N\u00fa\u00f1ez, directora de Salud Municipal, a\u00f1adiendo que se han beneficiado a m\u00e1s de 300 mujeres durante su implementaci\u00f3n.<\/p>\n<p>\u201cInvitamos a todas las mujeres embarazadas, el municipio de Meoqui y alrededores que acudan este pr\u00f3ximo mi\u00e9rcoles 28 de mayo en la Casa de Atenci\u00f3n Primaria de la Salud de la Col. Del Carmen en punto de las 9 de la ma\u00f1ana\u201d, concluy\u00f3 la directora.<\/p>\n","protected":false},"excerpt":{"rendered":"<p>Gobierno Municipal brindar\u00e1 servicios m\u00e9dicos a mujeres embarazadas a partir de las 9 de la ma\u00f1ana en la Casa de Salud de la Col. Del Carmen Este mi\u00e9rcoles 28 de mayo, se llevar\u00e1 a cabo una jornada del programa \u201cEn el Vientre Materno\u201d a partir de las 9 de la ma\u00f1ana en la Casa de Atenci\u00f3n Primaria a la Salud de la Col. Del Carmen, en la que se brindar\u00e1n servicios como ultrasonido, asesor\u00edas psicol\u00f3gicas, nutricionales, vacunaci\u00f3n, detecci\u00f3n y estimulaci\u00f3n prenatal de forma gratuita. \u201cEste es un programa implementado desde la Administraci\u00f3n pasada por la alcaldesa Miriam Soto, donde le damos atenci\u00f3n personalizada e individualizada a todas las mujeres embarazadas del municipio y alrededores, en el que pueden acudir desde que se enteran que est\u00e1n embarazadas para su control prenatal\u201d, expres\u00f3 la Dra. Sayuri N\u00fa\u00f1ez, directora de Salud Municipal, a\u00f1adiendo que se han beneficiado a m\u00e1s de 300 mujeres durante su implementaci\u00f3n. \u201cInvitamos a todas las mujeres embarazadas, el municipio de Meoqui y alrededores que acudan este pr\u00f3ximo mi\u00e9rcoles 28 de mayo en la Casa de Atenci\u00f3n Primaria de la Salud de la Col. Del Carmen en punto de las 9 de la ma\u00f1ana\u201d, concluy\u00f3 la directora.<\/p>\n","protected":false},"author":2,"featured_media":15160,"comment_status":"open","ping_status":"open","sticky":false,"template":"","format":"standard","meta":{"_monsterinsights_skip_tracking":false,"_monsterinsights_sitenote_active":false,"_monsterinsights_sitenote_note":"","_monsterinsights_sitenote_category":0,"advanced_seo_description":"","jetpack_seo_html_title":"","jetpack_seo_noindex":false,"_jetpack_memberships_contains_paid_content":false,"footnotes":"","jetpack_publicize_message":"","jetpack_publicize_feature_enabled":true,"jetpack_social_post_already_shared":true,"jetpack_social_options":{"image_generator_settings":{"template":"highway","enabled":false},"version":2}},"categories":[135,7,11],"tags":[],"class_list":["post-15159","post","type-post","status-publish","format-standard","has-post-thumbnail","hentry","category-lo-mas-leido","category-local","category-principal"],"jetpack_publicize_connections":[],"jetpack_sharing_enabled":true,"jetpack_featured_media_url":"https:\/\/i0.wp.com\/alcierrenoticias.com\/wp-content\/uploads\/2025\/05\/WhatsApp-Image-2025-05-27-at-2.00.23-PM-e1748407162620.jpeg?fit=500%2C500&ssl=1","amp_enabled":true,"_links":{"self":[{"href":"https:\/\/alcierrenoticias.com\/index.php\/wp-json\/wp\/v2\/posts\/15159","targetHints":{"allow":["GET"]}}],"collection":[{"href":"https:\/\/alcierrenoticias.com\/index.php\/wp-json\/wp\/v2\/posts"}],"about":[{"href":"https:\/\/alcierrenoticias.com\/index.php\/wp-json\/wp\/v2\/types\/post"}],"author":[{"embeddable":true,"href":"https:\/\/alcierrenoticias.com\/index.php\/wp-json\/wp\/v2\/users\/2"}],"replies":[{"embeddable":true,"href":"https:\/\/alcierrenoticias.com\/index.php\/wp-json\/wp\/v2\/comments?post=15159"}],"version-history":[{"count":2,"href":"https:\/\/alcierrenoticias.com\/index.php\/wp-json\/wp\/v2\/posts\/15159\/revisions"}],"predecessor-version":[{"id":15162,"href":"https:\/\/alcierrenoticias.com\/index.php\/wp-json\/wp\/v2\/posts\/15159\/revisions\/15162"}],"wp:featuredmedia":[{"embeddable":true,"href":"https:\/\/alcierrenoticias.com\/index.php\/wp-json\/wp\/v2\/media\/15160"}],"wp:attachment":[{"href":"https:\/\/alcierrenoticias.com\/index.php\/wp-json\/wp\/v2\/media?parent=15159"}],"wp:term":[{"taxonomy":"category","embeddable":true,"href":"https:\/\/alcierrenoticias.com\/index.php\/wp-json\/wp\/v2\/categories?post=15159"},{"taxonomy":"post_tag","embeddable":true,"href":"https:\/\/alcierrenoticias.com\/index.php\/wp-json\/wp\/v2\/tags?post=15159"}],"curies":[{"name":"wp","href":"https:\/\/api.w.org\/{rel}","templated":true}]}}