{"id":15152,"date":"2025-05-26T15:12:01","date_gmt":"2025-05-26T21:12:01","guid":{"rendered":"https:\/\/alcierrenoticias.com\/?p=15152"},"modified":"2025-05-26T15:12:01","modified_gmt":"2025-05-26T21:12:01","slug":"impartiran-elementos-de-la-dspm-meoqui-curso-de-actualizacion-d-a-r-e-para-el-estado","status":"publish","type":"post","link":"https:\/\/alcierrenoticias.com\/index.php\/2025\/05\/26\/impartiran-elementos-de-la-dspm-meoqui-curso-de-actualizacion-d-a-r-e-para-el-estado\/","title":{"rendered":"Impartir\u00e1n elementos de la DSPM Meoqui curso de actualizaci\u00f3n D.A.R.E para el estado."},"content":{"rendered":"<p>Meoqui ser\u00e1 sede del Taller Estatal de Actualizaci\u00f3n D.A.R.E en temas de prevenci\u00f3n de adicciones, violencia, comunicaci\u00f3n e inteligencia emocional<\/p>\n<p>Los elementos del Departamento de Prevenci\u00f3n del Delito del municipio de Meoqui Omar Gonz\u00e1lez Rivas y Gilberto Rodr\u00edguez Salinas, impartir\u00e1n capacitaciones en temas de prevenci\u00f3n de adicciones, violencia, comunicaci\u00f3n e inteligencia emocional durante el curso de actualizaci\u00f3n D.A.R.E el cual se llevar\u00e1 a cabo el pr\u00f3ximo viernes, donde Meoqui ser\u00e1 sede estatal.<\/p>\n<p>Ambos elementos participaron en el Congreso D.A.R.E LATAM en Mexicali, Baja California, el pasado mes de abril, el cual tuvo como objetivo ofrecer capacitaci\u00f3n a instructores sobre los temas clave antes mencionados, mismos que estar\u00e1n impartiendo el pr\u00f3ximo viernes a elementos de las DSPM de Chihuahua, Camargo, Cuauht\u00e9moc, Saucillo, Delicias y Rosales.<\/p>\n<p>\u201cNos llevamos muchas aportaciones valiosas que, aunque provienen de contextos diferentes como el de Mexicali, podemos adaptar a las necesidades de nuestras escuelas aqu\u00ed en Meoqui\u201d, explic\u00f3 Gilberto Rodr\u00edguez sobre su participaci\u00f3n en el Congreso D.A.R.E LATAM, subrayando que el intercambio de experiencias con compa\u00f1eros de otros municipios y estados fue enriquecedor.<\/p>\n<p>Los elementos mencionaron que uno de los objetivos centrales de este programa es fortalecer la relaci\u00f3n entre los adolescentes y las autoridades, promoviendo una visi\u00f3n del polic\u00eda como un aliado y no \u00fanicamente como una figura de autoridad. \u201cEl beneficio directo es que ahora el adolescente ver\u00e1 al polic\u00eda como un amigo en quien puede confiar para resolver conflictos de manera oportuna\u201d, destac\u00f3 Omar Gonz\u00e1lez Rivas.<\/p>\n<p>Asimismo, a\u00f1adieron que durante la capacitaci\u00f3n tambi\u00e9n se abordaron nuevas herramientas como el uso de inteligencia artificial en estrategias preventivas, reafirmando que el nivel de primaria sigue siendo el m\u00e1s estrat\u00e9gico para intervenir, ya que los ni\u00f1os a\u00fan no han sido expuestos directamente a riesgos graves, lo que permite un mayor impacto formativo.<\/p>\n<p>Finalmente, mencionaron que, como parte del seguimiento de esta actualizaci\u00f3n, Meoqui ser\u00e1 sede de un Taller Estatal de Actualizaci\u00f3n D.A.R.E el pr\u00f3ximo 30 de mayo, donde se recibir\u00e1 a polic\u00edas instructores de varios municipios como Chihuahua, Camargo, Cuauht\u00e9moc, Saucillo, Delicias y Rosales. \u201cQueremos que esta informaci\u00f3n llegue a m\u00e1s comunidades y se replique para que el impacto sea mayor y m\u00e1s positivo entre la juventud\u201d, concluyeron los agentes.<\/p>\n","protected":false},"excerpt":{"rendered":"<p>Meoqui ser\u00e1 sede del Taller Estatal de Actualizaci\u00f3n D.A.R.E en temas de prevenci\u00f3n de adicciones, violencia, comunicaci\u00f3n e inteligencia emocional Los elementos del Departamento de Prevenci\u00f3n del Delito del municipio de Meoqui Omar Gonz\u00e1lez Rivas y Gilberto Rodr\u00edguez Salinas, impartir\u00e1n capacitaciones en temas de prevenci\u00f3n de adicciones, violencia, comunicaci\u00f3n e inteligencia emocional durante el curso de actualizaci\u00f3n D.A.R.E el cual se llevar\u00e1 a cabo el pr\u00f3ximo viernes, donde Meoqui ser\u00e1 sede estatal. Ambos elementos participaron en el Congreso D.A.R.E LATAM en Mexicali, Baja California, el pasado mes de abril, el cual tuvo como objetivo ofrecer capacitaci\u00f3n a instructores sobre los temas clave antes mencionados, mismos que estar\u00e1n impartiendo el pr\u00f3ximo viernes a elementos de las DSPM de Chihuahua, Camargo, Cuauht\u00e9moc, Saucillo, Delicias y Rosales. \u201cNos llevamos muchas aportaciones valiosas que, aunque provienen de contextos diferentes como el de Mexicali, podemos adaptar a las necesidades de nuestras escuelas aqu\u00ed en Meoqui\u201d, explic\u00f3 Gilberto Rodr\u00edguez sobre su participaci\u00f3n en el Congreso D.A.R.E LATAM, subrayando que el intercambio de experiencias con compa\u00f1eros de otros municipios y estados fue enriquecedor. Los elementos mencionaron que uno de los objetivos centrales de este programa es fortalecer la relaci\u00f3n entre los adolescentes y las autoridades, promoviendo una visi\u00f3n del polic\u00eda como un aliado y no \u00fanicamente como una figura de autoridad. \u201cEl beneficio directo es que ahora el adolescente ver\u00e1 al polic\u00eda como un amigo en quien puede confiar para resolver conflictos de manera oportuna\u201d, destac\u00f3 Omar Gonz\u00e1lez Rivas. Asimismo, a\u00f1adieron que durante la capacitaci\u00f3n tambi\u00e9n se abordaron nuevas herramientas como el uso de inteligencia artificial en estrategias preventivas, reafirmando que el nivel de primaria sigue siendo el m\u00e1s estrat\u00e9gico para intervenir, ya que los ni\u00f1os a\u00fan no han sido expuestos directamente a riesgos graves, lo que permite un mayor impacto formativo. Finalmente, mencionaron que, como parte del seguimiento de esta actualizaci\u00f3n, Meoqui ser\u00e1 sede de un Taller Estatal de Actualizaci\u00f3n D.A.R.E el pr\u00f3ximo 30 de mayo, donde se recibir\u00e1 a polic\u00edas instructores de varios municipios como Chihuahua, Camargo, Cuauht\u00e9moc, Saucillo, Delicias y Rosales. \u201cQueremos que esta informaci\u00f3n llegue a m\u00e1s comunidades y se replique para que el impacto sea mayor y m\u00e1s positivo entre la juventud\u201d, concluyeron los agentes.<\/p>\n","protected":false},"author":2,"featured_media":15153,"comment_status":"open","ping_status":"open","sticky":false,"template":"","format":"standard","meta":{"_monsterinsights_skip_tracking":false,"_monsterinsights_sitenote_active":false,"_monsterinsights_sitenote_note":"","_monsterinsights_sitenote_category":0,"advanced_seo_description":"","jetpack_seo_html_title":"","jetpack_seo_noindex":false,"_jetpack_memberships_contains_paid_content":false,"footnotes":"","jetpack_publicize_message":"","jetpack_publicize_feature_enabled":true,"jetpack_social_post_already_shared":true,"jetpack_social_options":{"image_generator_settings":{"template":"highway","enabled":false},"version":2}},"categories":[8,135,11],"tags":[],"class_list":["post-15152","post","type-post","status-publish","format-standard","has-post-thumbnail","hentry","category-estado","category-lo-mas-leido","category-principal"],"jetpack_publicize_connections":[],"jetpack_sharing_enabled":true,"jetpack_featured_media_url":"https:\/\/i0.wp.com\/alcierrenoticias.com\/wp-content\/uploads\/2025\/05\/WhatsApp-Image-2025-05-26-at-3.01.01-PM.jpeg?fit=1280%2C960&ssl=1","amp_enabled":true,"_links":{"self":[{"href":"https:\/\/alcierrenoticias.com\/index.php\/wp-json\/wp\/v2\/posts\/15152","targetHints":{"allow":["GET"]}}],"collection":[{"href":"https:\/\/alcierrenoticias.com\/index.php\/wp-json\/wp\/v2\/posts"}],"about":[{"href":"https:\/\/alcierrenoticias.com\/index.php\/wp-json\/wp\/v2\/types\/post"}],"author":[{"embeddable":true,"href":"https:\/\/alcierrenoticias.com\/index.php\/wp-json\/wp\/v2\/users\/2"}],"replies":[{"embeddable":true,"href":"https:\/\/alcierrenoticias.com\/index.php\/wp-json\/wp\/v2\/comments?post=15152"}],"version-history":[{"count":1,"href":"https:\/\/alcierrenoticias.com\/index.php\/wp-json\/wp\/v2\/posts\/15152\/revisions"}],"predecessor-version":[{"id":15154,"href":"https:\/\/alcierrenoticias.com\/index.php\/wp-json\/wp\/v2\/posts\/15152\/revisions\/15154"}],"wp:featuredmedia":[{"embeddable":true,"href":"https:\/\/alcierrenoticias.com\/index.php\/wp-json\/wp\/v2\/media\/15153"}],"wp:attachment":[{"href":"https:\/\/alcierrenoticias.com\/index.php\/wp-json\/wp\/v2\/media?parent=15152"}],"wp:term":[{"taxonomy":"category","embeddable":true,"href":"https:\/\/alcierrenoticias.com\/index.php\/wp-json\/wp\/v2\/categories?post=15152"},{"taxonomy":"post_tag","embeddable":true,"href":"https:\/\/alcierrenoticias.com\/index.php\/wp-json\/wp\/v2\/tags?post=15152"}],"curies":[{"name":"wp","href":"https:\/\/api.w.org\/{rel}","templated":true}]}}