{"id":15136,"date":"2025-05-25T23:00:15","date_gmt":"2025-05-26T05:00:15","guid":{"rendered":"https:\/\/alcierrenoticias.com\/?p=15136"},"modified":"2025-05-26T14:59:51","modified_gmt":"2025-05-26T20:59:51","slug":"concluye-jornada-de-votacion-del-presupuesto-participativo-2025-en-meoqui","status":"publish","type":"post","link":"https:\/\/alcierrenoticias.com\/index.php\/2025\/05\/25\/concluye-jornada-de-votacion-del-presupuesto-participativo-2025-en-meoqui\/","title":{"rendered":"Concluye jornada de votaci\u00f3n del Presupuesto Participativo 2025 en Meoqui."},"content":{"rendered":"<p>Vimos participar a ni\u00f1os, padres de familia y abuelos; sin duda, fue un ejercicio democr\u00e1tico con gran respuesta ciudadana\u201d, secretario municipal<\/p>\n<p>En punto de las 4 de la tarde y con participaci\u00f3n de ni\u00f1as, ni\u00f1os, j\u00f3venes y adultos, concluy\u00f3 exitosamente la jornada de votaci\u00f3n del Presupuesto Participativo 2025, ejercicio ciudadano impulsado por la alcaldesa Miriam Soto como parte de las pol\u00edticas p\u00fablicas de participaci\u00f3n social en el municipio.<\/p>\n<p>Durante este ejercicio, la ciudadan\u00eda tuvo la oportunidad de votar por 3 de los 11 proyectos registrados, en una jornada que se llev\u00f3 a cabo en cuatro centros de votaci\u00f3n distribuidos estrat\u00e9gicamente: dos en la cabecera municipal (Plaza Principal y Parque de la Amistad) y dos m\u00e1s en las comunidades rurales de L\u00e1zaro C\u00e1rdenas y Felipe \u00c1ngeles.<\/p>\n<p>El secretario municipal, Jorge Vel\u00e1zquez, destac\u00f3 el entusiasmo con el que se vivi\u00f3 la jornada: \u201cDesde primera hora tuvimos mucha afluencia en los cuatro centros. Incluso nuestra alcaldesa fue una de las primeras en acudir a emitir su voto. Vimos participar a ni\u00f1os, padres de familia y abuelos; sin duda, fue un ejercicio democr\u00e1tico con gran respuesta ciudadana\u201d.<\/p>\n<p>Adem\u00e1s, subray\u00f3 que, al cierre de la jornada, tres centros de votaci\u00f3n manten\u00edan filas de ciudadanos, lo cual fue respetado, permitiendo que todas las personas en espera ejercieran su derecho a votar. Adem\u00e1s, confi\u00f3 en que se superar\u00e1 la cifra del a\u00f1o anterior, cuando cerca de 2 mil meoquenses participaron en este ejercicio.<\/p>\n<p>De acuerdo con la convocatoria y el reglamento municipal de participaci\u00f3n ciudadana, el comit\u00e9 dictaminador emitir\u00e1 los resultados el pr\u00f3ximo 27 de mayo. Estos resultados ser\u00e1n validados en la primera sesi\u00f3n de Cabildo del mes de junio de 2025 para cumplir con el marco normativo vigente.<\/p>\n<p>\u201cYo vot\u00e9 por mi escuela, la del sector obrero, para que se haga la cancha de futbol\u201d, fueron las palabras de \u00c1ngel, quien, en compa\u00f1\u00eda de su mam\u00e1 Ver\u00f3nica, acudi\u00f3 al m\u00f3dulo ubicado en el Parque de la Alegr\u00eda. Adem\u00e1s, expres\u00f3 que estar\u00eda muy contento de volver a participar en m\u00e1s votaciones.<\/p>\n","protected":false},"excerpt":{"rendered":"<p>Vimos participar a ni\u00f1os, padres de familia y abuelos; sin duda, fue un ejercicio democr\u00e1tico con gran respuesta ciudadana\u201d, secretario municipal En punto de las 4 de la tarde y con participaci\u00f3n de ni\u00f1as, ni\u00f1os, j\u00f3venes y adultos, concluy\u00f3 exitosamente la jornada de votaci\u00f3n del Presupuesto Participativo 2025, ejercicio ciudadano impulsado por la alcaldesa Miriam Soto como parte de las pol\u00edticas p\u00fablicas de participaci\u00f3n social en el municipio. Durante este ejercicio, la ciudadan\u00eda tuvo la oportunidad de votar por 3 de los 11 proyectos registrados, en una jornada que se llev\u00f3 a cabo en cuatro centros de votaci\u00f3n distribuidos estrat\u00e9gicamente: dos en la cabecera municipal (Plaza Principal y Parque de la Amistad) y dos m\u00e1s en las comunidades rurales de L\u00e1zaro C\u00e1rdenas y Felipe \u00c1ngeles. El secretario municipal, Jorge Vel\u00e1zquez, destac\u00f3 el entusiasmo con el que se vivi\u00f3 la jornada: \u201cDesde primera hora tuvimos mucha afluencia en los cuatro centros. Incluso nuestra alcaldesa fue una de las primeras en acudir a emitir su voto. Vimos participar a ni\u00f1os, padres de familia y abuelos; sin duda, fue un ejercicio democr\u00e1tico con gran respuesta ciudadana\u201d. Adem\u00e1s, subray\u00f3 que, al cierre de la jornada, tres centros de votaci\u00f3n manten\u00edan filas de ciudadanos, lo cual fue respetado, permitiendo que todas las personas en espera ejercieran su derecho a votar. Adem\u00e1s, confi\u00f3 en que se superar\u00e1 la cifra del a\u00f1o anterior, cuando cerca de 2 mil meoquenses participaron en este ejercicio. De acuerdo con la convocatoria y el reglamento municipal de participaci\u00f3n ciudadana, el comit\u00e9 dictaminador emitir\u00e1 los resultados el pr\u00f3ximo 27 de mayo. Estos resultados ser\u00e1n validados en la primera sesi\u00f3n de Cabildo del mes de junio de 2025 para cumplir con el marco normativo vigente. \u201cYo vot\u00e9 por mi escuela, la del sector obrero, para que se haga la cancha de futbol\u201d, fueron las palabras de \u00c1ngel, quien, en compa\u00f1\u00eda de su mam\u00e1 Ver\u00f3nica, acudi\u00f3 al m\u00f3dulo ubicado en el Parque de la Alegr\u00eda. Adem\u00e1s, expres\u00f3 que estar\u00eda muy contento de volver a participar en m\u00e1s votaciones.<\/p>\n","protected":false},"author":2,"featured_media":15137,"comment_status":"open","ping_status":"open","sticky":false,"template":"","format":"standard","meta":{"_monsterinsights_skip_tracking":false,"_monsterinsights_sitenote_active":false,"_monsterinsights_sitenote_note":"","_monsterinsights_sitenote_category":0,"advanced_seo_description":"","jetpack_seo_html_title":"","jetpack_seo_noindex":false,"_jetpack_memberships_contains_paid_content":false,"footnotes":"","jetpack_publicize_message":"","jetpack_publicize_feature_enabled":true,"jetpack_social_post_already_shared":true,"jetpack_social_options":{"image_generator_settings":{"template":"highway","enabled":false},"version":2}},"categories":[135,7,11],"tags":[],"class_list":["post-15136","post","type-post","status-publish","format-standard","has-post-thumbnail","hentry","category-lo-mas-leido","category-local","category-principal"],"jetpack_publicize_connections":[],"jetpack_sharing_enabled":true,"jetpack_featured_media_url":"https:\/\/i0.wp.com\/alcierrenoticias.com\/wp-content\/uploads\/2025\/05\/WhatsApp-Image-2025-05-25-at-11.34.34-PM.jpeg?fit=1280%2C853&ssl=1","amp_enabled":true,"_links":{"self":[{"href":"https:\/\/alcierrenoticias.com\/index.php\/wp-json\/wp\/v2\/posts\/15136","targetHints":{"allow":["GET"]}}],"collection":[{"href":"https:\/\/alcierrenoticias.com\/index.php\/wp-json\/wp\/v2\/posts"}],"about":[{"href":"https:\/\/alcierrenoticias.com\/index.php\/wp-json\/wp\/v2\/types\/post"}],"author":[{"embeddable":true,"href":"https:\/\/alcierrenoticias.com\/index.php\/wp-json\/wp\/v2\/users\/2"}],"replies":[{"embeddable":true,"href":"https:\/\/alcierrenoticias.com\/index.php\/wp-json\/wp\/v2\/comments?post=15136"}],"version-history":[{"count":2,"href":"https:\/\/alcierrenoticias.com\/index.php\/wp-json\/wp\/v2\/posts\/15136\/revisions"}],"predecessor-version":[{"id":15139,"href":"https:\/\/alcierrenoticias.com\/index.php\/wp-json\/wp\/v2\/posts\/15136\/revisions\/15139"}],"wp:featuredmedia":[{"embeddable":true,"href":"https:\/\/alcierrenoticias.com\/index.php\/wp-json\/wp\/v2\/media\/15137"}],"wp:attachment":[{"href":"https:\/\/alcierrenoticias.com\/index.php\/wp-json\/wp\/v2\/media?parent=15136"}],"wp:term":[{"taxonomy":"category","embeddable":true,"href":"https:\/\/alcierrenoticias.com\/index.php\/wp-json\/wp\/v2\/categories?post=15136"},{"taxonomy":"post_tag","embeddable":true,"href":"https:\/\/alcierrenoticias.com\/index.php\/wp-json\/wp\/v2\/tags?post=15136"}],"curies":[{"name":"wp","href":"https:\/\/api.w.org\/{rel}","templated":true}]}}