{"id":15120,"date":"2025-05-24T13:16:31","date_gmt":"2025-05-24T19:16:31","guid":{"rendered":"https:\/\/alcierrenoticias.com\/?p=15120"},"modified":"2025-05-26T14:31:29","modified_gmt":"2025-05-26T20:31:29","slug":"avanza-construccion-del-velatorio-en-loma-de-perez-enrique-valenzuela","status":"publish","type":"post","link":"https:\/\/alcierrenoticias.com\/index.php\/2025\/05\/24\/avanza-construccion-del-velatorio-en-loma-de-perez-enrique-valenzuela\/","title":{"rendered":"Avanza construcci\u00f3n del velatorio en Loma de P\u00e9rez: Enrique Valenzuela."},"content":{"rendered":"<p>El velatorio en la colonia Loma de P\u00e9rez, una obra social muy solicitada por la comunidad, avanza significativamente y se prev\u00e9 su conclusi\u00f3n en las pr\u00f3ximas tres semanas. Este espacio, que ofrecer\u00e1 un servicio digno y accesible para las familias de este sector de Delicias, es resultado del trabajo conjunto entre el programa de Estacion\u00f3metros y la Direcci\u00f3n de Desarrollo Humano y Bien Com\u00fan.<\/p>\n<p>Durante una supervisi\u00f3n de obra, Enrique Valenzuela L\u00f3pez, director de Desarrollo Humano, destac\u00f3 que esta construcci\u00f3n responde a una demanda sentida por los habitantes de la zona. Reconoci\u00f3 la sensibilidad del presidente municipal Jes\u00fas Valenciano, quien atendi\u00f3 la petici\u00f3n ciudadana y canaliz\u00f3 los recursos necesarios para hacerla realidad. \u201cEstamos muy contentos de ver este gran avance, y confiamos en que pronto podremos inaugurar este servicio tan importante para la comunidad\u201d, expres\u00f3.<\/p>\n<p>El velatorio ha sido una solicitud constante de los vecinos, quienes por a\u00f1os carecieron de un espacio adecuado para despedir a sus seres queridos. Con esta intervenci\u00f3n, el Gobierno Municipal busca fortalecer la infraestructura social en colonias con alta necesidad de servicios b\u00e1sicos, como es el caso de Loma de P\u00e9rez.<\/p>\n","protected":false},"excerpt":{"rendered":"<p>El velatorio en la colonia Loma de P\u00e9rez, una obra social muy solicitada por la comunidad, avanza significativamente y se prev\u00e9 su conclusi\u00f3n en las pr\u00f3ximas tres semanas. Este espacio, que ofrecer\u00e1 un servicio digno y accesible para las familias de este sector de Delicias, es resultado del trabajo conjunto entre el programa de Estacion\u00f3metros y la Direcci\u00f3n de Desarrollo Humano y Bien Com\u00fan. Durante una supervisi\u00f3n de obra, Enrique Valenzuela L\u00f3pez, director de Desarrollo Humano, destac\u00f3 que esta construcci\u00f3n responde a una demanda sentida por los habitantes de la zona. Reconoci\u00f3 la sensibilidad del presidente municipal Jes\u00fas Valenciano, quien atendi\u00f3 la petici\u00f3n ciudadana y canaliz\u00f3 los recursos necesarios para hacerla realidad. \u201cEstamos muy contentos de ver este gran avance, y confiamos en que pronto podremos inaugurar este servicio tan importante para la comunidad\u201d, expres\u00f3. El velatorio ha sido una solicitud constante de los vecinos, quienes por a\u00f1os carecieron de un espacio adecuado para despedir a sus seres queridos. Con esta intervenci\u00f3n, el Gobierno Municipal busca fortalecer la infraestructura social en colonias con alta necesidad de servicios b\u00e1sicos, como es el caso de Loma de P\u00e9rez.<\/p>\n","protected":false},"author":2,"featured_media":15121,"comment_status":"open","ping_status":"open","sticky":false,"template":"","format":"standard","meta":{"_monsterinsights_skip_tracking":false,"_monsterinsights_sitenote_active":false,"_monsterinsights_sitenote_note":"","_monsterinsights_sitenote_category":0,"advanced_seo_description":"","jetpack_seo_html_title":"","jetpack_seo_noindex":false,"_jetpack_memberships_contains_paid_content":false,"footnotes":"","jetpack_publicize_message":"","jetpack_publicize_feature_enabled":true,"jetpack_social_post_already_shared":true,"jetpack_social_options":{"image_generator_settings":{"template":"highway","enabled":false},"version":2}},"categories":[135,7,11],"tags":[],"class_list":["post-15120","post","type-post","status-publish","format-standard","has-post-thumbnail","hentry","category-lo-mas-leido","category-local","category-principal"],"jetpack_publicize_connections":[],"jetpack_sharing_enabled":true,"jetpack_featured_media_url":"https:\/\/i0.wp.com\/alcierrenoticias.com\/wp-content\/uploads\/2025\/05\/WhatsApp-Image-2025-05-24-at-1.15.48-PM.jpeg?fit=1600%2C1067&ssl=1","amp_enabled":true,"_links":{"self":[{"href":"https:\/\/alcierrenoticias.com\/index.php\/wp-json\/wp\/v2\/posts\/15120","targetHints":{"allow":["GET"]}}],"collection":[{"href":"https:\/\/alcierrenoticias.com\/index.php\/wp-json\/wp\/v2\/posts"}],"about":[{"href":"https:\/\/alcierrenoticias.com\/index.php\/wp-json\/wp\/v2\/types\/post"}],"author":[{"embeddable":true,"href":"https:\/\/alcierrenoticias.com\/index.php\/wp-json\/wp\/v2\/users\/2"}],"replies":[{"embeddable":true,"href":"https:\/\/alcierrenoticias.com\/index.php\/wp-json\/wp\/v2\/comments?post=15120"}],"version-history":[{"count":2,"href":"https:\/\/alcierrenoticias.com\/index.php\/wp-json\/wp\/v2\/posts\/15120\/revisions"}],"predecessor-version":[{"id":15123,"href":"https:\/\/alcierrenoticias.com\/index.php\/wp-json\/wp\/v2\/posts\/15120\/revisions\/15123"}],"wp:featuredmedia":[{"embeddable":true,"href":"https:\/\/alcierrenoticias.com\/index.php\/wp-json\/wp\/v2\/media\/15121"}],"wp:attachment":[{"href":"https:\/\/alcierrenoticias.com\/index.php\/wp-json\/wp\/v2\/media?parent=15120"}],"wp:term":[{"taxonomy":"category","embeddable":true,"href":"https:\/\/alcierrenoticias.com\/index.php\/wp-json\/wp\/v2\/categories?post=15120"},{"taxonomy":"post_tag","embeddable":true,"href":"https:\/\/alcierrenoticias.com\/index.php\/wp-json\/wp\/v2\/tags?post=15120"}],"curies":[{"name":"wp","href":"https:\/\/api.w.org\/{rel}","templated":true}]}}