{"id":15105,"date":"2025-05-23T15:10:26","date_gmt":"2025-05-23T21:10:26","guid":{"rendered":"https:\/\/alcierrenoticias.com\/?p=15105"},"modified":"2025-05-26T14:05:35","modified_gmt":"2025-05-26T20:05:35","slug":"habra-en-meoqui-foro-para-mujeres-embarazadas-este-proximo-30-de-mayo","status":"publish","type":"post","link":"https:\/\/alcierrenoticias.com\/index.php\/2025\/05\/23\/habra-en-meoqui-foro-para-mujeres-embarazadas-este-proximo-30-de-mayo\/","title":{"rendered":"Habr\u00e1 en Meoqui Foro para mujeres embarazadas este pr\u00f3ximo 30 de mayo"},"content":{"rendered":"<p>Se realizar\u00e1 en el Sal\u00f3n del Grupo Armon\u00eda, a las 9 de la ma\u00f1ana.<\/p>\n<p>Gracias a la firma de colaboraci\u00f3n entre la Asociaci\u00f3n Yo Amo la Vida con el Gobierno Municipal de Meoqui, este pr\u00f3ximo viernes 30 de mayo en el Sal\u00f3n del Grupo Armon\u00eda a partir de las 9 de la ma\u00f1ana se llevar\u00e1 a cabo un foro el cual tiene como objetivo brindar herramientas de apoyo y acompa\u00f1amiento a mujeres en situaci\u00f3n de vulnerabilidad especialmente de las adolescentes embarazadas y madres j\u00f3venes.<\/p>\n<p>\u201cDesde el inicio de su administraci\u00f3n, la alcaldesa Miriam Soto nos instruy\u00f3 a trabajar de manera cercana con las mujeres, especialmente con nuestras adolescentes, atendiendo sus necesidades y previniendo situaciones como el embarazo en menores de edad\u201d, coment\u00f3 Mar\u00eda del Refugio Silva Uranga, directora la Instancia Municipal de Atenci\u00f3n a la Mujer.<\/p>\n<p>Este evento contar\u00e1 con dos ponencias principales: \u201cVolver a ti: sanar, soltar y renacer\u201d, impartida por el Dr. Sergio Garc\u00eda Flores y \u201cAutoestima de la mujer\u201d, a cargo de Norelia Hern\u00e1ndez, presidenta del DIF de Meoqui: \u201cEste foro est\u00e1 especialmente pensado para adolescentes embarazadas, madres j\u00f3venes y mujeres de la sociedad civil interesadas en el desarrollo emocional y personal\u201d, detall\u00f3 la directora, quien finalmente extendi\u00f3 una invitaci\u00f3n a todas las interesadas a comunicarse con la Instancia de la Mujer para m\u00e1s informaci\u00f3n e inscribirse.<\/p>\n","protected":false},"excerpt":{"rendered":"<p>Se realizar\u00e1 en el Sal\u00f3n del Grupo Armon\u00eda, a las 9 de la ma\u00f1ana. Gracias a la firma de colaboraci\u00f3n entre la Asociaci\u00f3n Yo Amo la Vida con el Gobierno Municipal de Meoqui, este pr\u00f3ximo viernes 30 de mayo en el Sal\u00f3n del Grupo Armon\u00eda a partir de las 9 de la ma\u00f1ana se llevar\u00e1 a cabo un foro el cual tiene como objetivo brindar herramientas de apoyo y acompa\u00f1amiento a mujeres en situaci\u00f3n de vulnerabilidad especialmente de las adolescentes embarazadas y madres j\u00f3venes. \u201cDesde el inicio de su administraci\u00f3n, la alcaldesa Miriam Soto nos instruy\u00f3 a trabajar de manera cercana con las mujeres, especialmente con nuestras adolescentes, atendiendo sus necesidades y previniendo situaciones como el embarazo en menores de edad\u201d, coment\u00f3 Mar\u00eda del Refugio Silva Uranga, directora la Instancia Municipal de Atenci\u00f3n a la Mujer. Este evento contar\u00e1 con dos ponencias principales: \u201cVolver a ti: sanar, soltar y renacer\u201d, impartida por el Dr. Sergio Garc\u00eda Flores y \u201cAutoestima de la mujer\u201d, a cargo de Norelia Hern\u00e1ndez, presidenta del DIF de Meoqui: \u201cEste foro est\u00e1 especialmente pensado para adolescentes embarazadas, madres j\u00f3venes y mujeres de la sociedad civil interesadas en el desarrollo emocional y personal\u201d, detall\u00f3 la directora, quien finalmente extendi\u00f3 una invitaci\u00f3n a todas las interesadas a comunicarse con la Instancia de la Mujer para m\u00e1s informaci\u00f3n e inscribirse.<\/p>\n","protected":false},"author":2,"featured_media":15107,"comment_status":"open","ping_status":"open","sticky":false,"template":"","format":"standard","meta":{"_monsterinsights_skip_tracking":false,"_monsterinsights_sitenote_active":false,"_monsterinsights_sitenote_note":"","_monsterinsights_sitenote_category":0,"advanced_seo_description":"","jetpack_seo_html_title":"","jetpack_seo_noindex":false,"_jetpack_memberships_contains_paid_content":false,"footnotes":"","jetpack_publicize_message":"","jetpack_publicize_feature_enabled":true,"jetpack_social_post_already_shared":true,"jetpack_social_options":{"image_generator_settings":{"template":"highway","enabled":false},"version":2}},"categories":[135,7,11],"tags":[],"class_list":["post-15105","post","type-post","status-publish","format-standard","has-post-thumbnail","hentry","category-lo-mas-leido","category-local","category-principal"],"jetpack_publicize_connections":[],"jetpack_sharing_enabled":true,"jetpack_featured_media_url":"https:\/\/i0.wp.com\/alcierrenoticias.com\/wp-content\/uploads\/2025\/05\/WhatsApp-Image-2025-05-23-at-3.02.32-PM-1-e1748289930438.jpeg?fit=500%2C500&ssl=1","amp_enabled":true,"_links":{"self":[{"href":"https:\/\/alcierrenoticias.com\/index.php\/wp-json\/wp\/v2\/posts\/15105","targetHints":{"allow":["GET"]}}],"collection":[{"href":"https:\/\/alcierrenoticias.com\/index.php\/wp-json\/wp\/v2\/posts"}],"about":[{"href":"https:\/\/alcierrenoticias.com\/index.php\/wp-json\/wp\/v2\/types\/post"}],"author":[{"embeddable":true,"href":"https:\/\/alcierrenoticias.com\/index.php\/wp-json\/wp\/v2\/users\/2"}],"replies":[{"embeddable":true,"href":"https:\/\/alcierrenoticias.com\/index.php\/wp-json\/wp\/v2\/comments?post=15105"}],"version-history":[{"count":2,"href":"https:\/\/alcierrenoticias.com\/index.php\/wp-json\/wp\/v2\/posts\/15105\/revisions"}],"predecessor-version":[{"id":15109,"href":"https:\/\/alcierrenoticias.com\/index.php\/wp-json\/wp\/v2\/posts\/15105\/revisions\/15109"}],"wp:featuredmedia":[{"embeddable":true,"href":"https:\/\/alcierrenoticias.com\/index.php\/wp-json\/wp\/v2\/media\/15107"}],"wp:attachment":[{"href":"https:\/\/alcierrenoticias.com\/index.php\/wp-json\/wp\/v2\/media?parent=15105"}],"wp:term":[{"taxonomy":"category","embeddable":true,"href":"https:\/\/alcierrenoticias.com\/index.php\/wp-json\/wp\/v2\/categories?post=15105"},{"taxonomy":"post_tag","embeddable":true,"href":"https:\/\/alcierrenoticias.com\/index.php\/wp-json\/wp\/v2\/tags?post=15105"}],"curies":[{"name":"wp","href":"https:\/\/api.w.org\/{rel}","templated":true}]}}