{"id":15086,"date":"2025-05-22T15:20:05","date_gmt":"2025-05-22T21:20:05","guid":{"rendered":"https:\/\/alcierrenoticias.com\/?p=15086"},"modified":"2025-05-23T13:14:46","modified_gmt":"2025-05-23T19:14:46","slug":"meoqui-sera-sede-estatal-de-curso-de-actualizacion-dare","status":"publish","type":"post","link":"https:\/\/alcierrenoticias.com\/index.php\/2025\/05\/22\/meoqui-sera-sede-estatal-de-curso-de-actualizacion-dare\/","title":{"rendered":"Meoqui ser\u00e1 sede estatal de Curso de Actualizaci\u00f3n DARE."},"content":{"rendered":"<p>Se capacitar\u00e1n 28 elementos de 6 municipios del estado en temas de prevenci\u00f3n de adicciones dirigido a ni\u00f1os de nivel secundaria<\/p>\n<p>El municipio de Meoqui ser\u00e1 sede estatal de un Curso de Actualizaci\u00f3n del Programa DARE este pr\u00f3ximo 30 de mayo en la Universidad Tecnol\u00f3gica de Camargo y contar\u00e1 con la participaci\u00f3n de 28 elementos provenientes de municipios como Chihuahua, Delicias, Meoqui, Saucillo, Rosales, Julimes, Cuauht\u00e9moc y Camargo, donde se abordar\u00e1n diversos temas de prevenci\u00f3n de adicciones dirigidos a j\u00f3venes de secundaria.<\/p>\n<p>Victor Orona, Director de Seguridad Publica de Meoqui explic\u00f3 que esto surge como resultado de una capacitaci\u00f3n previa realizada en la ciudad de Mexicali a la que asistieron dos elementos de Meoqui impulsados por la alcaldesa Miriam Soto: \u201cEste tema nos apremia porque est\u00e1 enfocado en la prevenci\u00f3n del delito y las adicciones desde edades tempranas. Queremos seguir trabajando con nuestros ni\u00f1os y j\u00f3venes en todos los niveles educativos, desde preescolar hasta secundaria\u201d, expres\u00f3.<\/p>\n<p>Finalmente, el director resalt\u00f3 que el objetivo de esta nueva etapa es compartir lo aprendido con m\u00e1s elementos de la regi\u00f3n que no pudieron asistir a la capacitaci\u00f3n en Mexicali: \u201cEstamos muy contentos de abrir las puertas de nuestro municipio para recibir a compa\u00f1eros de otras localidades. Esta formaci\u00f3n les permitir\u00e1 implementar correctamente el programa D.A.R.E. en sus respectivas comunidades\u201d, concluy\u00f3.<\/p>\n","protected":false},"excerpt":{"rendered":"<p>Se capacitar\u00e1n 28 elementos de 6 municipios del estado en temas de prevenci\u00f3n de adicciones dirigido a ni\u00f1os de nivel secundaria El municipio de Meoqui ser\u00e1 sede estatal de un Curso de Actualizaci\u00f3n del Programa DARE este pr\u00f3ximo 30 de mayo en la Universidad Tecnol\u00f3gica de Camargo y contar\u00e1 con la participaci\u00f3n de 28 elementos provenientes de municipios como Chihuahua, Delicias, Meoqui, Saucillo, Rosales, Julimes, Cuauht\u00e9moc y Camargo, donde se abordar\u00e1n diversos temas de prevenci\u00f3n de adicciones dirigidos a j\u00f3venes de secundaria. Victor Orona, Director de Seguridad Publica de Meoqui explic\u00f3 que esto surge como resultado de una capacitaci\u00f3n previa realizada en la ciudad de Mexicali a la que asistieron dos elementos de Meoqui impulsados por la alcaldesa Miriam Soto: \u201cEste tema nos apremia porque est\u00e1 enfocado en la prevenci\u00f3n del delito y las adicciones desde edades tempranas. Queremos seguir trabajando con nuestros ni\u00f1os y j\u00f3venes en todos los niveles educativos, desde preescolar hasta secundaria\u201d, expres\u00f3. Finalmente, el director resalt\u00f3 que el objetivo de esta nueva etapa es compartir lo aprendido con m\u00e1s elementos de la regi\u00f3n que no pudieron asistir a la capacitaci\u00f3n en Mexicali: \u201cEstamos muy contentos de abrir las puertas de nuestro municipio para recibir a compa\u00f1eros de otras localidades. Esta formaci\u00f3n les permitir\u00e1 implementar correctamente el programa D.A.R.E. en sus respectivas comunidades\u201d, concluy\u00f3.<\/p>\n","protected":false},"author":2,"featured_media":15087,"comment_status":"open","ping_status":"open","sticky":false,"template":"","format":"standard","meta":{"_monsterinsights_skip_tracking":false,"_monsterinsights_sitenote_active":false,"_monsterinsights_sitenote_note":"","_monsterinsights_sitenote_category":0,"advanced_seo_description":"","jetpack_seo_html_title":"","jetpack_seo_noindex":false,"_jetpack_memberships_contains_paid_content":false,"footnotes":"","jetpack_publicize_message":"","jetpack_publicize_feature_enabled":true,"jetpack_social_post_already_shared":true,"jetpack_social_options":{"image_generator_settings":{"template":"highway","enabled":false},"version":2}},"categories":[135,7,11],"tags":[],"class_list":["post-15086","post","type-post","status-publish","format-standard","has-post-thumbnail","hentry","category-lo-mas-leido","category-local","category-principal"],"jetpack_publicize_connections":[],"jetpack_sharing_enabled":true,"jetpack_featured_media_url":"https:\/\/i0.wp.com\/alcierrenoticias.com\/wp-content\/uploads\/2025\/05\/WhatsApp-Image-2025-05-22-at-3.16.50-PM.jpeg?fit=1600%2C1200&ssl=1","amp_enabled":true,"_links":{"self":[{"href":"https:\/\/alcierrenoticias.com\/index.php\/wp-json\/wp\/v2\/posts\/15086","targetHints":{"allow":["GET"]}}],"collection":[{"href":"https:\/\/alcierrenoticias.com\/index.php\/wp-json\/wp\/v2\/posts"}],"about":[{"href":"https:\/\/alcierrenoticias.com\/index.php\/wp-json\/wp\/v2\/types\/post"}],"author":[{"embeddable":true,"href":"https:\/\/alcierrenoticias.com\/index.php\/wp-json\/wp\/v2\/users\/2"}],"replies":[{"embeddable":true,"href":"https:\/\/alcierrenoticias.com\/index.php\/wp-json\/wp\/v2\/comments?post=15086"}],"version-history":[{"count":2,"href":"https:\/\/alcierrenoticias.com\/index.php\/wp-json\/wp\/v2\/posts\/15086\/revisions"}],"predecessor-version":[{"id":15089,"href":"https:\/\/alcierrenoticias.com\/index.php\/wp-json\/wp\/v2\/posts\/15086\/revisions\/15089"}],"wp:featuredmedia":[{"embeddable":true,"href":"https:\/\/alcierrenoticias.com\/index.php\/wp-json\/wp\/v2\/media\/15087"}],"wp:attachment":[{"href":"https:\/\/alcierrenoticias.com\/index.php\/wp-json\/wp\/v2\/media?parent=15086"}],"wp:term":[{"taxonomy":"category","embeddable":true,"href":"https:\/\/alcierrenoticias.com\/index.php\/wp-json\/wp\/v2\/categories?post=15086"},{"taxonomy":"post_tag","embeddable":true,"href":"https:\/\/alcierrenoticias.com\/index.php\/wp-json\/wp\/v2\/tags?post=15086"}],"curies":[{"name":"wp","href":"https:\/\/api.w.org\/{rel}","templated":true}]}}