{"id":15082,"date":"2025-05-22T15:20:49","date_gmt":"2025-05-22T21:20:49","guid":{"rendered":"https:\/\/alcierrenoticias.com\/?p=15082"},"modified":"2025-05-23T12:59:43","modified_gmt":"2025-05-23T18:59:43","slug":"promueven-en-meoqui-cuidado-de-abejas-en-ninos-y-ninas-de-primaria","status":"publish","type":"post","link":"https:\/\/alcierrenoticias.com\/index.php\/2025\/05\/22\/promueven-en-meoqui-cuidado-de-abejas-en-ninos-y-ninas-de-primaria\/","title":{"rendered":"Promueven en Meoqui cuidado de abejas en ni\u00f1os y ni\u00f1as de primaria."},"content":{"rendered":"<p>Investigadora de la Universidad de Arizona en conjunto con la Asociaci\u00f3n de Apicultores y Gobierno Municipal llevaron capacitaci\u00f3n a alumnos de la Primaria Eloisa Flores<\/p>\n<p>Con el objetivo de crear promotores y conciencia del cuidado de las abejas en los m\u00e1s peque\u00f1os, en el marco del D\u00eda Mundial de las Abejas se llev\u00f3 a cabo una capacitaci\u00f3n a ni\u00f1os de 3er a\u00f1o de la Primaria Eloisa Flores por parte de la Asociaci\u00f3n de Apicultores, una investigadora en la Universidad de Arizona y el Gobierno Municipal de Meoqui, obteniendo gran aceptaci\u00f3n por parte de los peque\u00f1os quienes mostraron un arduo inter\u00e9s en estos temas.<\/p>\n<p>La M.V.Z Nora Elia Meza, directora de Desarrollo Rural mencion\u00f3 que esta actividad busca que los ni\u00f1os no solo aprendan sobre el papel fundamental de las abejas en la polinizaci\u00f3n y en el equilibrio ambiental, sino que lleven el conocimiento a sus hogares: \u201cLa alcaldesa Miriam Soto est\u00e1 muy interesada en la educaci\u00f3n ambiental desde la infancia. Es un esfuerzo para crear conciencia en los hogares a trav\u00e9s de los ni\u00f1os\u201d, destac\u00f3.<\/p>\n<p>Por su parte, Perla Gonz\u00e1lez, Presidenta de la Asociaci\u00f3n de Apicultores del Estado expres\u00f3 su entusiasmo por el inter\u00e9s mostrado por los alumnos y subray\u00f3 la necesidad de fomentar el relevo generacional en la apicultura: \u201cVimos ni\u00f1os emocionados, curiosos, con conocimientos previos sobre el tema. Queremos seguir visitando m\u00e1s escuelas del municipio y expandir este proyecto educativo\u201d, mencion\u00f3.<\/p>\n<p>Por su parte la Dra. Norma Patricia Silva Beltr\u00e1n, profesora investigadora de la Universidad de Sonora y asociada a la Universidad de Arizona, quien resalt\u00f3 que estas charlas son fundamentales para asegurar el futuro de las abejas y del medio ambiente. \u201cLos ni\u00f1os son el canal m\u00e1s efectivo para lograr un cambio real en la conciencia ambiental\u201d, afirm\u00f3.<\/p>\n<p>Asimismo, destac\u00f3 que los apicultores de la regi\u00f3n est\u00e1n colaborando activamente con el \u00e1mbito cient\u00edfico, buscando nuevas tecnolog\u00edas para fortalecer el sector. Adem\u00e1s, hizo un llamado a la sociedad en general: \u201cLa conciencia ambiental debe ser de todos. Estamos en una crisis ecol\u00f3gica por la sequ\u00eda y la p\u00e9rdida de h\u00e1bitats. Cuidar a las abejas es cuidar de nosotros mismos\u201d, concluy\u00f3 la investigadora.<\/p>\n","protected":false},"excerpt":{"rendered":"<p>Investigadora de la Universidad de Arizona en conjunto con la Asociaci\u00f3n de Apicultores y Gobierno Municipal llevaron capacitaci\u00f3n a alumnos de la Primaria Eloisa Flores Con el objetivo de crear promotores y conciencia del cuidado de las abejas en los m\u00e1s peque\u00f1os, en el marco del D\u00eda Mundial de las Abejas se llev\u00f3 a cabo una capacitaci\u00f3n a ni\u00f1os de 3er a\u00f1o de la Primaria Eloisa Flores por parte de la Asociaci\u00f3n de Apicultores, una investigadora en la Universidad de Arizona y el Gobierno Municipal de Meoqui, obteniendo gran aceptaci\u00f3n por parte de los peque\u00f1os quienes mostraron un arduo inter\u00e9s en estos temas. La M.V.Z Nora Elia Meza, directora de Desarrollo Rural mencion\u00f3 que esta actividad busca que los ni\u00f1os no solo aprendan sobre el papel fundamental de las abejas en la polinizaci\u00f3n y en el equilibrio ambiental, sino que lleven el conocimiento a sus hogares: \u201cLa alcaldesa Miriam Soto est\u00e1 muy interesada en la educaci\u00f3n ambiental desde la infancia. Es un esfuerzo para crear conciencia en los hogares a trav\u00e9s de los ni\u00f1os\u201d, destac\u00f3. Por su parte, Perla Gonz\u00e1lez, Presidenta de la Asociaci\u00f3n de Apicultores del Estado expres\u00f3 su entusiasmo por el inter\u00e9s mostrado por los alumnos y subray\u00f3 la necesidad de fomentar el relevo generacional en la apicultura: \u201cVimos ni\u00f1os emocionados, curiosos, con conocimientos previos sobre el tema. Queremos seguir visitando m\u00e1s escuelas del municipio y expandir este proyecto educativo\u201d, mencion\u00f3. Por su parte la Dra. Norma Patricia Silva Beltr\u00e1n, profesora investigadora de la Universidad de Sonora y asociada a la Universidad de Arizona, quien resalt\u00f3 que estas charlas son fundamentales para asegurar el futuro de las abejas y del medio ambiente. \u201cLos ni\u00f1os son el canal m\u00e1s efectivo para lograr un cambio real en la conciencia ambiental\u201d, afirm\u00f3. Asimismo, destac\u00f3 que los apicultores de la regi\u00f3n est\u00e1n colaborando activamente con el \u00e1mbito cient\u00edfico, buscando nuevas tecnolog\u00edas para fortalecer el sector. Adem\u00e1s, hizo un llamado a la sociedad en general: \u201cLa conciencia ambiental debe ser de todos. Estamos en una crisis ecol\u00f3gica por la sequ\u00eda y la p\u00e9rdida de h\u00e1bitats. Cuidar a las abejas es cuidar de nosotros mismos\u201d, concluy\u00f3 la investigadora.<\/p>\n","protected":false},"author":2,"featured_media":15083,"comment_status":"open","ping_status":"open","sticky":false,"template":"","format":"standard","meta":{"_monsterinsights_skip_tracking":false,"_monsterinsights_sitenote_active":false,"_monsterinsights_sitenote_note":"","_monsterinsights_sitenote_category":0,"advanced_seo_description":"","jetpack_seo_html_title":"","jetpack_seo_noindex":false,"_jetpack_memberships_contains_paid_content":false,"footnotes":"","jetpack_publicize_message":"","jetpack_publicize_feature_enabled":true,"jetpack_social_post_already_shared":true,"jetpack_social_options":{"image_generator_settings":{"template":"highway","enabled":false},"version":2}},"categories":[135,7,11],"tags":[],"class_list":["post-15082","post","type-post","status-publish","format-standard","has-post-thumbnail","hentry","category-lo-mas-leido","category-local","category-principal"],"jetpack_publicize_connections":[],"jetpack_sharing_enabled":true,"jetpack_featured_media_url":"https:\/\/i0.wp.com\/alcierrenoticias.com\/wp-content\/uploads\/2025\/05\/WhatsApp-Image-2025-05-22-at-3.16.49-PM.jpeg?fit=1280%2C720&ssl=1","amp_enabled":true,"_links":{"self":[{"href":"https:\/\/alcierrenoticias.com\/index.php\/wp-json\/wp\/v2\/posts\/15082","targetHints":{"allow":["GET"]}}],"collection":[{"href":"https:\/\/alcierrenoticias.com\/index.php\/wp-json\/wp\/v2\/posts"}],"about":[{"href":"https:\/\/alcierrenoticias.com\/index.php\/wp-json\/wp\/v2\/types\/post"}],"author":[{"embeddable":true,"href":"https:\/\/alcierrenoticias.com\/index.php\/wp-json\/wp\/v2\/users\/2"}],"replies":[{"embeddable":true,"href":"https:\/\/alcierrenoticias.com\/index.php\/wp-json\/wp\/v2\/comments?post=15082"}],"version-history":[{"count":2,"href":"https:\/\/alcierrenoticias.com\/index.php\/wp-json\/wp\/v2\/posts\/15082\/revisions"}],"predecessor-version":[{"id":15085,"href":"https:\/\/alcierrenoticias.com\/index.php\/wp-json\/wp\/v2\/posts\/15082\/revisions\/15085"}],"wp:featuredmedia":[{"embeddable":true,"href":"https:\/\/alcierrenoticias.com\/index.php\/wp-json\/wp\/v2\/media\/15083"}],"wp:attachment":[{"href":"https:\/\/alcierrenoticias.com\/index.php\/wp-json\/wp\/v2\/media?parent=15082"}],"wp:term":[{"taxonomy":"category","embeddable":true,"href":"https:\/\/alcierrenoticias.com\/index.php\/wp-json\/wp\/v2\/categories?post=15082"},{"taxonomy":"post_tag","embeddable":true,"href":"https:\/\/alcierrenoticias.com\/index.php\/wp-json\/wp\/v2\/tags?post=15082"}],"curies":[{"name":"wp","href":"https:\/\/api.w.org\/{rel}","templated":true}]}}