{"id":15059,"date":"2025-05-21T18:00:03","date_gmt":"2025-05-22T00:00:03","guid":{"rendered":"https:\/\/alcierrenoticias.com\/?p=15059"},"modified":"2025-05-23T12:36:47","modified_gmt":"2025-05-23T18:36:47","slug":"impulsa-idea-delicias-la-conformacion-de-la-cadena-turistica-perlas-del-conchos","status":"publish","type":"post","link":"https:\/\/alcierrenoticias.com\/index.php\/2025\/05\/21\/impulsa-idea-delicias-la-conformacion-de-la-cadena-turistica-perlas-del-conchos\/","title":{"rendered":"Impulsa IDEA Delicias la conformaci\u00f3n de la cadena tur\u00edstica Perlas del Conchos."},"content":{"rendered":"<p>Con la participaci\u00f3n de actores clave del sector tur\u00edstico regional, se realiz\u00f3 con \u00e9xito la primera fase del taller para la conformaci\u00f3n de la cadena productiva \u201cPerlas del Conchos\u201d, inform\u00f3 Mara Valenzuela, titular de Turismo en IDEA Delicias.<\/p>\n<p>Este espacio permiti\u00f3 identificar las fortalezas y \u00e1reas de oportunidad de los distintos destinos tur\u00edsticos que conformar\u00e1n la cadena, as\u00ed como trazar estrategias de promoci\u00f3n conjunta y articulaci\u00f3n entre prestadores de servicios de municipios como Delicias, Meoqui, Camargo y Saucillo.<\/p>\n<p>Las actividades continuar\u00e1n esta semana en el municipio de Camargo, donde se desarrollar\u00e1 la segunda parte del taller, con el objetivo de fortalecer a\u00fan m\u00e1s el trabajo colaborativo y las alianzas locales en torno a esta iniciativa tur\u00edstica regional.<\/p>\n<p>Ser\u00e1 el pr\u00f3ximo 26 de mayo cuando se realice la instalaci\u00f3n formal de la cadena productiva Perlas del Conchos en las instalaciones de Canaco Delicias, acto donde se integrar\u00e1n los compromisos, estructura organizativa y plan de acci\u00f3n.<\/p>\n<p>Finalmente, el 27 de mayo se llevar\u00e1 a cabo la clausura del proceso con la entrega de constancias por parte de la Secretar\u00eda de Turismo del Estado, asentando adem\u00e1s la primera sesi\u00f3n del consejo consultivo de esta cadena tur\u00edstica.<\/p>\n","protected":false},"excerpt":{"rendered":"<p>Con la participaci\u00f3n de actores clave del sector tur\u00edstico regional, se realiz\u00f3 con \u00e9xito la primera fase del taller para la conformaci\u00f3n de la cadena productiva \u201cPerlas del Conchos\u201d, inform\u00f3 Mara Valenzuela, titular de Turismo en IDEA Delicias. Este espacio permiti\u00f3 identificar las fortalezas y \u00e1reas de oportunidad de los distintos destinos tur\u00edsticos que conformar\u00e1n la cadena, as\u00ed como trazar estrategias de promoci\u00f3n conjunta y articulaci\u00f3n entre prestadores de servicios de municipios como Delicias, Meoqui, Camargo y Saucillo. Las actividades continuar\u00e1n esta semana en el municipio de Camargo, donde se desarrollar\u00e1 la segunda parte del taller, con el objetivo de fortalecer a\u00fan m\u00e1s el trabajo colaborativo y las alianzas locales en torno a esta iniciativa tur\u00edstica regional. Ser\u00e1 el pr\u00f3ximo 26 de mayo cuando se realice la instalaci\u00f3n formal de la cadena productiva Perlas del Conchos en las instalaciones de Canaco Delicias, acto donde se integrar\u00e1n los compromisos, estructura organizativa y plan de acci\u00f3n. Finalmente, el 27 de mayo se llevar\u00e1 a cabo la clausura del proceso con la entrega de constancias por parte de la Secretar\u00eda de Turismo del Estado, asentando adem\u00e1s la primera sesi\u00f3n del consejo consultivo de esta cadena tur\u00edstica.<\/p>\n","protected":false},"author":2,"featured_media":15061,"comment_status":"open","ping_status":"open","sticky":false,"template":"","format":"standard","meta":{"_monsterinsights_skip_tracking":false,"_monsterinsights_sitenote_active":false,"_monsterinsights_sitenote_note":"","_monsterinsights_sitenote_category":0,"advanced_seo_description":"","jetpack_seo_html_title":"","jetpack_seo_noindex":false,"_jetpack_memberships_contains_paid_content":false,"footnotes":"","jetpack_publicize_message":"","jetpack_publicize_feature_enabled":true,"jetpack_social_post_already_shared":true,"jetpack_social_options":{"image_generator_settings":{"template":"highway","enabled":false},"version":2}},"categories":[135,7,11],"tags":[],"class_list":["post-15059","post","type-post","status-publish","format-standard","has-post-thumbnail","hentry","category-lo-mas-leido","category-local","category-principal"],"jetpack_publicize_connections":[],"jetpack_sharing_enabled":true,"jetpack_featured_media_url":"https:\/\/i0.wp.com\/alcierrenoticias.com\/wp-content\/uploads\/2025\/05\/WhatsApp-Image-2025-05-21-at-5.43.57-PM.jpeg?fit=1600%2C879&ssl=1","amp_enabled":true,"_links":{"self":[{"href":"https:\/\/alcierrenoticias.com\/index.php\/wp-json\/wp\/v2\/posts\/15059","targetHints":{"allow":["GET"]}}],"collection":[{"href":"https:\/\/alcierrenoticias.com\/index.php\/wp-json\/wp\/v2\/posts"}],"about":[{"href":"https:\/\/alcierrenoticias.com\/index.php\/wp-json\/wp\/v2\/types\/post"}],"author":[{"embeddable":true,"href":"https:\/\/alcierrenoticias.com\/index.php\/wp-json\/wp\/v2\/users\/2"}],"replies":[{"embeddable":true,"href":"https:\/\/alcierrenoticias.com\/index.php\/wp-json\/wp\/v2\/comments?post=15059"}],"version-history":[{"count":2,"href":"https:\/\/alcierrenoticias.com\/index.php\/wp-json\/wp\/v2\/posts\/15059\/revisions"}],"predecessor-version":[{"id":15062,"href":"https:\/\/alcierrenoticias.com\/index.php\/wp-json\/wp\/v2\/posts\/15059\/revisions\/15062"}],"wp:featuredmedia":[{"embeddable":true,"href":"https:\/\/alcierrenoticias.com\/index.php\/wp-json\/wp\/v2\/media\/15061"}],"wp:attachment":[{"href":"https:\/\/alcierrenoticias.com\/index.php\/wp-json\/wp\/v2\/media?parent=15059"}],"wp:term":[{"taxonomy":"category","embeddable":true,"href":"https:\/\/alcierrenoticias.com\/index.php\/wp-json\/wp\/v2\/categories?post=15059"},{"taxonomy":"post_tag","embeddable":true,"href":"https:\/\/alcierrenoticias.com\/index.php\/wp-json\/wp\/v2\/tags?post=15059"}],"curies":[{"name":"wp","href":"https:\/\/api.w.org\/{rel}","templated":true}]}}