{"id":15002,"date":"2025-05-20T14:20:08","date_gmt":"2025-05-20T20:20:08","guid":{"rendered":"https:\/\/alcierrenoticias.com\/?p=15002"},"modified":"2025-05-20T15:48:14","modified_gmt":"2025-05-20T21:48:14","slug":"arrancan-miriam-soto-y-octavio-villegas-programa-de-ocupacion-temporal-en-meoqui","status":"publish","type":"post","link":"https:\/\/alcierrenoticias.com\/index.php\/2025\/05\/20\/arrancan-miriam-soto-y-octavio-villegas-programa-de-ocupacion-temporal-en-meoqui\/","title":{"rendered":"Arrancan Miriam Soto y Octavio Villegas Programa de Ocupaci\u00f3n Temporal en Meoqui."},"content":{"rendered":"<p>Beneficiar\u00e1 a 260 personas con una inversi\u00f3n superior a los 2 millones de pesos<\/p>\n<p>Con una inversi\u00f3n superior a los 2 millones de pesos por parte de Gobierno del Estado, la alcaldesa de Meoqui Miriam Soto y el Subsecretario de Desarrollo Humano y Bien Com\u00fan, Octavio Villegas, dieron arranque al Programa de Ocupaci\u00f3n Temporal de Gobierno del Estado, implementado para combatir los estragos por la sequ\u00eda, que beneficiar\u00e1 a un total de 260 meoquenses.<\/p>\n<p>&#8220;Sabemos que muchas familias han perdido sus ingresos por la sequ\u00eda. Este programa llega en un momento retador, pero gracias al apoyo estatal, podemos ofrecerles un sustento digno a trav\u00e9s de actividades que tambi\u00e9n benefician al municipio&#8221;, expres\u00f3 la alcaldesa Miriam Soto quien agreg\u00f3 que realizar\u00e1n proyectos de limpieza y reforestaci\u00f3n en comunidades, cabecera y seccionales de Meoqui.<\/p>\n<p>Asimismo, a\u00f1adi\u00f3 que los beneficiarios colaborar\u00e1n principalmente con el \u00e1rea de Servicios Municipales, realizando labores de limpieza en la cabecera municipal, L\u00e1zaro C\u00e1rdenas, Guadalupe Victoria, colonia Felipe \u00c1ngeles y Estaci\u00f3n Consuelo, adem\u00e1s de trabajos de reforestaci\u00f3n con m\u00e1s de 2 mil \u00e1rboles entre huizaches, fresnos y pinos en la ribera del r\u00edo San Pedro y en diversas escuelas, gracias al apoyo de Gobierno del Estado y Fundaci\u00f3n Grupo M\u00e9xico.<\/p>\n<p>Por su parte, el subsecretario de Desarrollo Humano y Bien Com\u00fan, Octavio Villegas, mencion\u00f3 que Meoqui se convirti\u00f3 en el primer municipio en arrancar el programa en esta nueva etapa, destacando por su organizaci\u00f3n y compromiso con la comunidad. En los pr\u00f3ximos meses se llevar\u00e1n a cabo dos etapas m\u00e1s para continuar generando empleo en el municipio.<\/p>\n","protected":false},"excerpt":{"rendered":"<p>Beneficiar\u00e1 a 260 personas con una inversi\u00f3n superior a los 2 millones de pesos Con una inversi\u00f3n superior a los 2 millones de pesos por parte de Gobierno del Estado, la alcaldesa de Meoqui Miriam Soto y el Subsecretario de Desarrollo Humano y Bien Com\u00fan, Octavio Villegas, dieron arranque al Programa de Ocupaci\u00f3n Temporal de Gobierno del Estado, implementado para combatir los estragos por la sequ\u00eda, que beneficiar\u00e1 a un total de 260 meoquenses. &#8220;Sabemos que muchas familias han perdido sus ingresos por la sequ\u00eda. Este programa llega en un momento retador, pero gracias al apoyo estatal, podemos ofrecerles un sustento digno a trav\u00e9s de actividades que tambi\u00e9n benefician al municipio&#8221;, expres\u00f3 la alcaldesa Miriam Soto quien agreg\u00f3 que realizar\u00e1n proyectos de limpieza y reforestaci\u00f3n en comunidades, cabecera y seccionales de Meoqui. Asimismo, a\u00f1adi\u00f3 que los beneficiarios colaborar\u00e1n principalmente con el \u00e1rea de Servicios Municipales, realizando labores de limpieza en la cabecera municipal, L\u00e1zaro C\u00e1rdenas, Guadalupe Victoria, colonia Felipe \u00c1ngeles y Estaci\u00f3n Consuelo, adem\u00e1s de trabajos de reforestaci\u00f3n con m\u00e1s de 2 mil \u00e1rboles entre huizaches, fresnos y pinos en la ribera del r\u00edo San Pedro y en diversas escuelas, gracias al apoyo de Gobierno del Estado y Fundaci\u00f3n Grupo M\u00e9xico. Por su parte, el subsecretario de Desarrollo Humano y Bien Com\u00fan, Octavio Villegas, mencion\u00f3 que Meoqui se convirti\u00f3 en el primer municipio en arrancar el programa en esta nueva etapa, destacando por su organizaci\u00f3n y compromiso con la comunidad. En los pr\u00f3ximos meses se llevar\u00e1n a cabo dos etapas m\u00e1s para continuar generando empleo en el municipio.<\/p>\n","protected":false},"author":2,"featured_media":15003,"comment_status":"open","ping_status":"open","sticky":false,"template":"","format":"standard","meta":{"_monsterinsights_skip_tracking":false,"_monsterinsights_sitenote_active":false,"_monsterinsights_sitenote_note":"","_monsterinsights_sitenote_category":0,"advanced_seo_description":"","jetpack_seo_html_title":"","jetpack_seo_noindex":false,"_jetpack_memberships_contains_paid_content":false,"footnotes":"","jetpack_publicize_message":"","jetpack_publicize_feature_enabled":true,"jetpack_social_post_already_shared":true,"jetpack_social_options":{"image_generator_settings":{"template":"highway","enabled":false},"version":2}},"categories":[135,7,11],"tags":[],"class_list":["post-15002","post","type-post","status-publish","format-standard","has-post-thumbnail","hentry","category-lo-mas-leido","category-local","category-principal"],"jetpack_publicize_connections":[],"jetpack_sharing_enabled":true,"jetpack_featured_media_url":"https:\/\/i0.wp.com\/alcierrenoticias.com\/wp-content\/uploads\/2025\/05\/WhatsApp-Image-2025-05-20-at-2.14.10-PM.jpeg?fit=1600%2C1066&ssl=1","amp_enabled":true,"_links":{"self":[{"href":"https:\/\/alcierrenoticias.com\/index.php\/wp-json\/wp\/v2\/posts\/15002","targetHints":{"allow":["GET"]}}],"collection":[{"href":"https:\/\/alcierrenoticias.com\/index.php\/wp-json\/wp\/v2\/posts"}],"about":[{"href":"https:\/\/alcierrenoticias.com\/index.php\/wp-json\/wp\/v2\/types\/post"}],"author":[{"embeddable":true,"href":"https:\/\/alcierrenoticias.com\/index.php\/wp-json\/wp\/v2\/users\/2"}],"replies":[{"embeddable":true,"href":"https:\/\/alcierrenoticias.com\/index.php\/wp-json\/wp\/v2\/comments?post=15002"}],"version-history":[{"count":2,"href":"https:\/\/alcierrenoticias.com\/index.php\/wp-json\/wp\/v2\/posts\/15002\/revisions"}],"predecessor-version":[{"id":15005,"href":"https:\/\/alcierrenoticias.com\/index.php\/wp-json\/wp\/v2\/posts\/15002\/revisions\/15005"}],"wp:featuredmedia":[{"embeddable":true,"href":"https:\/\/alcierrenoticias.com\/index.php\/wp-json\/wp\/v2\/media\/15003"}],"wp:attachment":[{"href":"https:\/\/alcierrenoticias.com\/index.php\/wp-json\/wp\/v2\/media?parent=15002"}],"wp:term":[{"taxonomy":"category","embeddable":true,"href":"https:\/\/alcierrenoticias.com\/index.php\/wp-json\/wp\/v2\/categories?post=15002"},{"taxonomy":"post_tag","embeddable":true,"href":"https:\/\/alcierrenoticias.com\/index.php\/wp-json\/wp\/v2\/tags?post=15002"}],"curies":[{"name":"wp","href":"https:\/\/api.w.org\/{rel}","templated":true}]}}